{"id":79219,"date":"2017-08-15T22:59:38","date_gmt":"2017-08-16T01:59:38","guid":{"rendered":"http:\/\/diarioregionaljf.com.br\/2017\/08\/15\/policia-apreende-quinze-maquinas-caca-niqueis-no-centro\/"},"modified":"2017-08-15T22:59:38","modified_gmt":"2017-08-16T01:59:38","slug":"policia-apreende-quinze-maquinas-caca-niqueis-no-centro","status":"publish","type":"post","link":"https:\/\/diarioregionaldigital.com.br\/?p=79219","title":{"rendered":"Pol\u00edcia apreende quinze m\u00e1quinas ca\u00e7a-n\u00edqueis no Centro"},"content":{"rendered":"<p>A Pol\u00edcia Militar (PM) apreendeu 15 m\u00e1quinas ca\u00e7a-n\u00edqueis em um pr\u00e9dio localizado na Avenida Rio Branco, regi\u00e3o Central, na tarde dessa ter\u00e7a-feira, 15. Os militares chegaram ao local ap\u00f3s den\u00fancia an\u00f4nima, que indicou que a sala, situada no 7\u00ba andar, era utilizada para pr\u00e1tica de jogos de azar.<\/p>\n<p>Os policiais, com aux\u00edlio de uma testemunha da sala ao lado, conseguiram averiguar a den\u00fancia. Diante da impossibilidade de ser atendida, a PM, na presen\u00e7a da testemunha, for\u00e7ou a entrada no local. As m\u00e1quinas estavam desligadas, mas ligadas na tomada. A testemunha tamb\u00e9m relatou que h\u00e1 uma intensa movimenta\u00e7\u00e3o de pessoas diferentes na sala durante o dia.<\/p>\n<p>Nenhum autor foi encontrado no local. A per\u00edcia realizou os trabalhos de praxe, e os equipamentos foram apreendidos e encaminhados \u00e0 delegacia.<\/p>\n","protected":false},"excerpt":{"rendered":"<p>A Pol\u00edcia Militar (PM) apreendeu 15 m\u00e1quinas ca\u00e7a-n\u00edqueis em um pr\u00e9dio localizado na Avenida Rio Branco, regi\u00e3o Central, na tarde dessa ter\u00e7a-feira, 15. Os militares chegaram ao local ap\u00f3s den\u00fancia an\u00f4nima, que indicou que a sala, situada no 7\u00ba andar, era utilizada para pr\u00e1tica de jogos de azar. Os policiais, com aux\u00edlio de uma testemunha [&hellip;]<\/p>\n","protected":false},"author":96,"featured_media":79218,"comment_status":"closed","ping_status":"closed","sticky":false,"template":"","format":"standard","meta":{"footnotes":""},"categories":[253],"tags":[],"class_list":["post-79219","post","type-post","status-publish","format-standard","has-post-thumbnail","hentry","category-cidade"],"_links":{"self":[{"href":"https:\/\/diarioregionaldigital.com.br\/index.php?rest_route=\/wp\/v2\/posts\/79219","targetHints":{"allow":["GET"]}}],"collection":[{"href":"https:\/\/diarioregionaldigital.com.br\/index.php?rest_route=\/wp\/v2\/posts"}],"about":[{"href":"https:\/\/diarioregionaldigital.com.br\/index.php?rest_route=\/wp\/v2\/types\/post"}],"author":[{"embeddable":true,"href":"https:\/\/diarioregionaldigital.com.br\/index.php?rest_route=\/wp\/v2\/users\/96"}],"replies":[{"embeddable":true,"href":"https:\/\/diarioregionaldigital.com.br\/index.php?rest_route=%2Fwp%2Fv2%2Fcomments&post=79219"}],"version-history":[{"count":0,"href":"https:\/\/diarioregionaldigital.com.br\/index.php?rest_route=\/wp\/v2\/posts\/79219\/revisions"}],"wp:featuredmedia":[{"embeddable":true,"href":"https:\/\/diarioregionaldigital.com.br\/index.php?rest_route=\/wp\/v2\/media\/79218"}],"wp:attachment":[{"href":"https:\/\/diarioregionaldigital.com.br\/index.php?rest_route=%2Fwp%2Fv2%2Fmedia&parent=79219"}],"wp:term":[{"taxonomy":"category","embeddable":true,"href":"https:\/\/diarioregionaldigital.com.br\/index.php?rest_route=%2Fwp%2Fv2%2Fcategories&post=79219"},{"taxonomy":"post_tag","embeddable":true,"href":"https:\/\/diarioregionaldigital.com.br\/index.php?rest_route=%2Fwp%2Fv2%2Ftags&post=79219"}],"curies":[{"name":"wp","href":"https:\/\/api.w.org\/{rel}","templated":true}]}}