{"id":79217,"date":"2017-08-15T22:57:57","date_gmt":"2017-08-16T01:57:57","guid":{"rendered":"http:\/\/diarioregionaljf.com.br\/2017\/08\/15\/creci-mg-promove-evento-de-capacitacao-gratuito-para-corretores\/"},"modified":"2017-08-15T22:57:57","modified_gmt":"2017-08-16T01:57:57","slug":"creci-mg-promove-evento-de-capacitacao-gratuito-para-corretores","status":"publish","type":"post","link":"https:\/\/diarioregionaldigital.com.br\/?p=79217","title":{"rendered":"Creci-MG promove evento de capacita\u00e7\u00e3o gratuito para corretores"},"content":{"rendered":"<p>Quest\u00f5es relacionadas \u00e0 loca\u00e7\u00e3o imobili\u00e1ria, como a retomada, negocia\u00e7\u00e3o e desocupa\u00e7\u00e3o dos im\u00f3veis, ser\u00e3o temas de palestra ofertada pelo Conselho Regional de Corretores de Im\u00f3veis de Minas Gerais (Creci-MG), durante a primeira edi\u00e7\u00e3o do evento \u201cCapacitar\u201d em Juiz de Fora, que acontece nesta quinta-feira, 17, \u00e0s 19h, no Victory Business Hotel (Avenida Presidente Itamar Franco, 1850 &#8211; S\u00e3o Mateus).<\/p>\n<p>Consultores e corretores de im\u00f3veis, al\u00e9m de propriet\u00e1rios e funcion\u00e1rios das imobili\u00e1rias, dever\u00e3o se inscrever no evento, que \u00e9 voltado para a capacita\u00e7\u00e3o e qualifica\u00e7\u00e3o dos profissionais, por meio do telefone (35) 3722-2107 ou pelo e-mail crecipocos@crecimg.gov.br. Al\u00e9m disso, eles dever\u00e3o levar um agasalho para doa\u00e7\u00e3o no dia da atividade. Na oportunidade, tamb\u00e9m ser\u00e3o entregues as carteiras profissionais aos novos corretores de im\u00f3veis da regi\u00e3o.<\/p>\n<p>O presidente do Creci-MG, Newton Marques Barbosa Jr., destacou a import\u00e2ncia do evento e da palestra ministrada pelo superintendente do \u00f3rg\u00e3o e advogado especializado em Direito Imobili\u00e1rio, Ricardo Mendes. \u201cFrequentemente, temos realizado esse projeto, que \u00e9 muito interessante para que os corretores acompanhem e estejam atentos \u00e0s modifica\u00e7\u00f5es do dia a dia do mercado\u201d, explicou. \u201cO n\u00famero de corretores que procuram a capacita\u00e7\u00e3o aumentou. Eles est\u00e3o percebendo que a sociedade est\u00e1 exigindo mais, e aqueles que n\u00e3o possuem viv\u00eancia e prepara\u00e7\u00e3o, est\u00e3o saindo do mercado. Portanto, \u00e9 de suma import\u00e2ncia que ele saiba as obriga\u00e7\u00f5es e direitos do vendedor e do comprador, pois, sem isso, ele n\u00e3o conseguir\u00e1 executar uma boa venda e uma boa compra\u201d, acrescentou.<\/p>\n<p>PARALELAMENTE AO CAPACITAR<\/p>\n<p>Com intuito de debater as necessidades locais dos corretores de im\u00f3veis e tra\u00e7ar novos planos de a\u00e7\u00e3o em parceria com a diretoria local, tamb\u00e9m ser\u00e1 realizado o Encontro de Delegados da Regi\u00e3o da Zona da Mata.<\/p>\n","protected":false},"excerpt":{"rendered":"<p>Quest\u00f5es relacionadas \u00e0 loca\u00e7\u00e3o imobili\u00e1ria, como a retomada, negocia\u00e7\u00e3o e desocupa\u00e7\u00e3o dos im\u00f3veis, ser\u00e3o temas de palestra ofertada pelo Conselho Regional de Corretores de Im\u00f3veis de Minas Gerais (Creci-MG), durante a primeira edi\u00e7\u00e3o do evento \u201cCapacitar\u201d em Juiz de Fora, que acontece nesta quinta-feira, 17, \u00e0s 19h, no Victory Business Hotel (Avenida Presidente Itamar Franco, [&hellip;]<\/p>\n","protected":false},"author":96,"featured_media":0,"comment_status":"closed","ping_status":"closed","sticky":false,"template":"","format":"standard","meta":{"footnotes":""},"categories":[253],"tags":[],"class_list":["post-79217","post","type-post","status-publish","format-standard","hentry","category-cidade"],"_links":{"self":[{"href":"https:\/\/diarioregionaldigital.com.br\/index.php?rest_route=\/wp\/v2\/posts\/79217","targetHints":{"allow":["GET"]}}],"collection":[{"href":"https:\/\/diarioregionaldigital.com.br\/index.php?rest_route=\/wp\/v2\/posts"}],"about":[{"href":"https:\/\/diarioregionaldigital.com.br\/index.php?rest_route=\/wp\/v2\/types\/post"}],"author":[{"embeddable":true,"href":"https:\/\/diarioregionaldigital.com.br\/index.php?rest_route=\/wp\/v2\/users\/96"}],"replies":[{"embeddable":true,"href":"https:\/\/diarioregionaldigital.com.br\/index.php?rest_route=%2Fwp%2Fv2%2Fcomments&post=79217"}],"version-history":[{"count":0,"href":"https:\/\/diarioregionaldigital.com.br\/index.php?rest_route=\/wp\/v2\/posts\/79217\/revisions"}],"wp:attachment":[{"href":"https:\/\/diarioregionaldigital.com.br\/index.php?rest_route=%2Fwp%2Fv2%2Fmedia&parent=79217"}],"wp:term":[{"taxonomy":"category","embeddable":true,"href":"https:\/\/diarioregionaldigital.com.br\/index.php?rest_route=%2Fwp%2Fv2%2Fcategories&post=79217"},{"taxonomy":"post_tag","embeddable":true,"href":"https:\/\/diarioregionaldigital.com.br\/index.php?rest_route=%2Fwp%2Fv2%2Ftags&post=79217"}],"curies":[{"name":"wp","href":"https:\/\/api.w.org\/{rel}","templated":true}]}}