{"id":79216,"date":"2017-08-15T22:55:23","date_gmt":"2017-08-16T01:55:23","guid":{"rendered":"http:\/\/diarioregionaljf.com.br\/2017\/08\/15\/pm-recupera-cerca-de-r-4-mil-roubados-em-comercio-no-bairro-igrejinha\/"},"modified":"2017-08-15T22:55:23","modified_gmt":"2017-08-16T01:55:23","slug":"pm-recupera-cerca-de-r-4-mil-roubados-em-comercio-no-bairro-igrejinha","status":"publish","type":"post","link":"https:\/\/diarioregionaldigital.com.br\/?p=79216","title":{"rendered":"PM recupera cerca de R$4 mil roubados em com\u00e9rcio no bairro Igrejinha"},"content":{"rendered":"<p>Um com\u00e9rcio localizado no bairro Igrejinha, zona Norte, foi assaltado na tarde dessa quinta-feira, 15. Os assaltantes levaram cerca de R$4 mil e fugiram. De acordo com Centro de Opera\u00e7\u00f5es da Pol\u00edcia Militar (Copom), viaturas realizaram buscas pela regi\u00e3o e localizaram os autores em um ve\u00edculo na Estrada Caracol.<\/p>\n<p>Quatro homens foram presos e um adolescente detido. Al\u00e9m dos infratores, foram apreendidos um rev\u00f3lver calibre 32 e o dinheiro roubado do local.<\/p>\n","protected":false},"excerpt":{"rendered":"<p>Um com\u00e9rcio localizado no bairro Igrejinha, zona Norte, foi assaltado na tarde dessa quinta-feira, 15. Os assaltantes levaram cerca de R$4 mil e fugiram. De acordo com Centro de Opera\u00e7\u00f5es da Pol\u00edcia Militar (Copom), viaturas realizaram buscas pela regi\u00e3o e localizaram os autores em um ve\u00edculo na Estrada Caracol. Quatro homens foram presos e um [&hellip;]<\/p>\n","protected":false},"author":96,"featured_media":79215,"comment_status":"closed","ping_status":"closed","sticky":false,"template":"","format":"standard","meta":{"footnotes":""},"categories":[301],"tags":[],"class_list":["post-79216","post","type-post","status-publish","format-standard","has-post-thumbnail","hentry","category-artigos-policiais"],"_links":{"self":[{"href":"https:\/\/diarioregionaldigital.com.br\/index.php?rest_route=\/wp\/v2\/posts\/79216","targetHints":{"allow":["GET"]}}],"collection":[{"href":"https:\/\/diarioregionaldigital.com.br\/index.php?rest_route=\/wp\/v2\/posts"}],"about":[{"href":"https:\/\/diarioregionaldigital.com.br\/index.php?rest_route=\/wp\/v2\/types\/post"}],"author":[{"embeddable":true,"href":"https:\/\/diarioregionaldigital.com.br\/index.php?rest_route=\/wp\/v2\/users\/96"}],"replies":[{"embeddable":true,"href":"https:\/\/diarioregionaldigital.com.br\/index.php?rest_route=%2Fwp%2Fv2%2Fcomments&post=79216"}],"version-history":[{"count":0,"href":"https:\/\/diarioregionaldigital.com.br\/index.php?rest_route=\/wp\/v2\/posts\/79216\/revisions"}],"wp:featuredmedia":[{"embeddable":true,"href":"https:\/\/diarioregionaldigital.com.br\/index.php?rest_route=\/wp\/v2\/media\/79215"}],"wp:attachment":[{"href":"https:\/\/diarioregionaldigital.com.br\/index.php?rest_route=%2Fwp%2Fv2%2Fmedia&parent=79216"}],"wp:term":[{"taxonomy":"category","embeddable":true,"href":"https:\/\/diarioregionaldigital.com.br\/index.php?rest_route=%2Fwp%2Fv2%2Fcategories&post=79216"},{"taxonomy":"post_tag","embeddable":true,"href":"https:\/\/diarioregionaldigital.com.br\/index.php?rest_route=%2Fwp%2Fv2%2Ftags&post=79216"}],"curies":[{"name":"wp","href":"https:\/\/api.w.org\/{rel}","templated":true}]}}