{"id":79214,"date":"2017-08-15T22:55:09","date_gmt":"2017-08-16T01:55:09","guid":{"rendered":"http:\/\/diarioregionaljf.com.br\/2017\/08\/15\/meteorologia-aponta-chuvas-na-cidade-ate-a-proxima-segunda-feira\/"},"modified":"2017-08-15T22:55:09","modified_gmt":"2017-08-16T01:55:09","slug":"meteorologia-aponta-chuvas-na-cidade-ate-a-proxima-segunda-feira","status":"publish","type":"post","link":"https:\/\/diarioregionaldigital.com.br\/?p=79214","title":{"rendered":"Meteorologia aponta chuvas na cidade at\u00e9 a pr\u00f3xima segunda-feira"},"content":{"rendered":"<p>O per\u00edodo de estiagem deve ter uma tr\u00e9gua nos pr\u00f3ximos dias em Juiz de Fora. De acordo com o Centro de Previs\u00e3o de Tempo e Estudos Clim\u00e1ticos (CPTEC) do Instituto Nacional de Pesquisas Espaciais (INPE), a probabilidade de chuva na quarta-feira, 16, e quinta-feira, 17, \u00e9 de 90%. Este \u00edndice se mant\u00e9m elevado (a partir de 80%) at\u00e9 segunda-feira, 21, exceto no s\u00e1bado, 19, em que a possibilidade de chuva cai para 30%. T\u00edmido, o sol deve aparecer apenas na sexta e no domingo, 20.<\/p>\n<p>De quarta at\u00e9 sexta-feira, as m\u00ednimas devem oscilar entre 13\u00b0C e 15\u00baC. A menor m\u00e1xima prevista at\u00e9 segunda-feira acontecer\u00e1 na quinta, quando os term\u00f4metros n\u00e3o devem registrar mais do que 19\u00b0C. Ainda na sexta-feira, as pancadas de chuva poder\u00e3o ser fortes e acompanhadas de trovoadas a qualquer hora do dia.<\/p>\n<p>No fim de semana, as m\u00ednimas devem atingir 16\u00baC e 18\u00b0C, e as m\u00e1ximas poder\u00e3o oscilar entre 26\u00b0C e 27\u00b0C. No s\u00e1bado, h\u00e1 uma pequena chance de pancadas de chuva localizadas, que poder\u00e3o ser fortes e acompanhadas de trovoadas \u00e0 noite. J\u00e1 no domingo, deve chover no per\u00edodo da tarde.<\/p>\n<h4>NA ZONA DA MATA E CAMPO DAS VERTENTES<\/h4>\n<p>At\u00e9 segunda-feira, nas demais cidades da regi\u00e3o, deve chover \u00e0 tarde apenas no s\u00e1bado e domingo, quando a umidade relativa do ar apresentar\u00e1 varia\u00e7\u00e3o de 85% pela manh\u00e3 e 35% \u00e0 tarde. A m\u00ednima e a m\u00e1xima previstas para esses dois dias s\u00e3o de 12\u00b0C e 32\u00b0C, respectivamente. As informa\u00e7\u00f5es s\u00e3o do 5\u00ba Distrito do Instituto Nacional de Meteorologia (Inmet), em Belo Horizonte.<\/p>\n<p>As m\u00ednimas ir\u00e3o variar entre 13\u00b0C e 14\u00baC at\u00e9 sexta-feira. J\u00e1 as m\u00e1ximas nesses dias poder\u00e3o variar de 30\u00b0C a 32\u00b0C, com umidade relativa do ar de 90% pela manh\u00e3 e 35% \u00e0 tarde.<\/p>\n<p>No fim semana, as temperaturas oscilar\u00e3o entre 12\u00b0C e 32\u00b0C. A umidade relativa do ar pela manh\u00e3 deve cair um pouco, registrando 85%. \u00c0 tarde, permanece em 35%.<\/p>\n","protected":false},"excerpt":{"rendered":"<p>O per\u00edodo de estiagem deve ter uma tr\u00e9gua nos pr\u00f3ximos dias em Juiz de Fora. De acordo com o Centro de Previs\u00e3o de Tempo e Estudos Clim\u00e1ticos (CPTEC) do Instituto Nacional de Pesquisas Espaciais (INPE), a probabilidade de chuva na quarta-feira, 16, e quinta-feira, 17, \u00e9 de 90%. Este \u00edndice se mant\u00e9m elevado (a partir [&hellip;]<\/p>\n","protected":false},"author":96,"featured_media":79213,"comment_status":"closed","ping_status":"closed","sticky":false,"template":"","format":"standard","meta":{"footnotes":""},"categories":[253],"tags":[],"class_list":["post-79214","post","type-post","status-publish","format-standard","has-post-thumbnail","hentry","category-cidade"],"_links":{"self":[{"href":"https:\/\/diarioregionaldigital.com.br\/index.php?rest_route=\/wp\/v2\/posts\/79214","targetHints":{"allow":["GET"]}}],"collection":[{"href":"https:\/\/diarioregionaldigital.com.br\/index.php?rest_route=\/wp\/v2\/posts"}],"about":[{"href":"https:\/\/diarioregionaldigital.com.br\/index.php?rest_route=\/wp\/v2\/types\/post"}],"author":[{"embeddable":true,"href":"https:\/\/diarioregionaldigital.com.br\/index.php?rest_route=\/wp\/v2\/users\/96"}],"replies":[{"embeddable":true,"href":"https:\/\/diarioregionaldigital.com.br\/index.php?rest_route=%2Fwp%2Fv2%2Fcomments&post=79214"}],"version-history":[{"count":0,"href":"https:\/\/diarioregionaldigital.com.br\/index.php?rest_route=\/wp\/v2\/posts\/79214\/revisions"}],"wp:featuredmedia":[{"embeddable":true,"href":"https:\/\/diarioregionaldigital.com.br\/index.php?rest_route=\/wp\/v2\/media\/79213"}],"wp:attachment":[{"href":"https:\/\/diarioregionaldigital.com.br\/index.php?rest_route=%2Fwp%2Fv2%2Fmedia&parent=79214"}],"wp:term":[{"taxonomy":"category","embeddable":true,"href":"https:\/\/diarioregionaldigital.com.br\/index.php?rest_route=%2Fwp%2Fv2%2Fcategories&post=79214"},{"taxonomy":"post_tag","embeddable":true,"href":"https:\/\/diarioregionaldigital.com.br\/index.php?rest_route=%2Fwp%2Fv2%2Ftags&post=79214"}],"curies":[{"name":"wp","href":"https:\/\/api.w.org\/{rel}","templated":true}]}}