{"id":79212,"date":"2017-08-15T22:44:44","date_gmt":"2017-08-16T01:44:44","guid":{"rendered":"http:\/\/diarioregionaljf.com.br\/2017\/08\/15\/mais-de-250-incendios-foram-registrados-pelo-corpo-de-bombeiros-em-2017\/"},"modified":"2017-08-15T22:44:44","modified_gmt":"2017-08-16T01:44:44","slug":"mais-de-250-incendios-foram-registrados-pelo-corpo-de-bombeiros-em-2017","status":"publish","type":"post","link":"https:\/\/diarioregionaldigital.com.br\/?p=79212","title":{"rendered":"Mais de 250 inc\u00eandios foram registrados pelo Corpo de Bombeiros em 2017"},"content":{"rendered":"<p>A falta de chuvas e o tempo seco s\u00e3o os principais fatores que influenciam no aumento do n\u00famero de queimadas no inverno. Conforme balan\u00e7o divulgado pelo Corpo de Bombeiros nessa ter\u00e7a-feira, 15, entre janeiro e agosto deste ano a corpora\u00e7\u00e3o registrou 266 ocorr\u00eancias relacionadas a inc\u00eandio florestal, sendo que a maioria dos casos (145) aconteceu em lotes. Outras 96 queimadas atingiram \u00e1reas agr\u00edcolas e pastos.<\/p>\n<p>Embora os n\u00fameros sejam significativos, no comparativo entre os primeiros tr\u00eas meses deste ano e o mesmo per\u00edodo de 2016, eles apontam redu\u00e7\u00e3o, correspondendo a 213 registros no ano passado e 163 em 2017.<\/p>\n<p>Segundo o assessor de comunica\u00e7\u00e3o do 4\u00ba Batalh\u00e3o de Bombeiros Militar de Juiz de Fora, tenente Evandro da Silva, o per\u00edodo de abril a novembro \u00e9 mais prop\u00edcio a acontecerem queimadas, devido ao fato de a vegeta\u00e7\u00e3o estar mais ressecada. Ele refor\u00e7a que a grande maioria dos inc\u00eandios \u00e9 provocado por a\u00e7\u00f5es humanas. \u201cNessa \u00e9poca, algumas pessoas colocam fogos em lotes para fazer a limpeza, queimam lixos ou at\u00e9 mesmo preparam a terra para o plantio, e isso acaba fugindo do controle. Uma pequena fagulha pode levar a um inc\u00eandio de grandes propor\u00e7\u00f5es\u201d, explicou.<\/p>\n<p>O tenente da Silva refor\u00e7ou tamb\u00e9m que acidentes automobil\u00edsticos, problemas respirat\u00f3rios e complica\u00e7\u00f5es trazidas pelas fuma\u00e7as s\u00e3o alguns riscos \u00e0 vida dos moradores, provocados pelos inc\u00eandios. Ainda de acordo com ele, o Corpo de Bombeiros vem trabalhando com foco na preven\u00e7\u00e3o de acidentes e prote\u00e7\u00e3o a comunidade, como a capacita\u00e7\u00e3o das tropas, al\u00e9m da promo\u00e7\u00e3o de blitzen educativas para conscientizar os populares.<\/p>\n<p>O assessor acrescentou tamb\u00e9m que as queimadas devem ser evitadas. \u201cA possibilidade de uma queimada controlada tamb\u00e9m existe, por\u00e9m, as pessoas precisam procurar os \u00f3rg\u00e3os competentes para se orientarem e receberem a capacita\u00e7\u00e3o. Fora isso, a pr\u00e1tica de colocar fogo nos locais \u00e9 crime e n\u00e3o deve ser realizada\u201d, destacou. Caso ocorra algum inc\u00eandio, as pessoas devem ligar para o Corpo de Bombeiros atrav\u00e9s do 181.<\/p>\n","protected":false},"excerpt":{"rendered":"<p>A falta de chuvas e o tempo seco s\u00e3o os principais fatores que influenciam no aumento do n\u00famero de queimadas no inverno. Conforme balan\u00e7o divulgado pelo Corpo de Bombeiros nessa ter\u00e7a-feira, 15, entre janeiro e agosto deste ano a corpora\u00e7\u00e3o registrou 266 ocorr\u00eancias relacionadas a inc\u00eandio florestal, sendo que a maioria dos casos (145) aconteceu [&hellip;]<\/p>\n","protected":false},"author":96,"featured_media":0,"comment_status":"closed","ping_status":"closed","sticky":false,"template":"","format":"standard","meta":{"footnotes":""},"categories":[253],"tags":[],"class_list":["post-79212","post","type-post","status-publish","format-standard","hentry","category-cidade"],"_links":{"self":[{"href":"https:\/\/diarioregionaldigital.com.br\/index.php?rest_route=\/wp\/v2\/posts\/79212","targetHints":{"allow":["GET"]}}],"collection":[{"href":"https:\/\/diarioregionaldigital.com.br\/index.php?rest_route=\/wp\/v2\/posts"}],"about":[{"href":"https:\/\/diarioregionaldigital.com.br\/index.php?rest_route=\/wp\/v2\/types\/post"}],"author":[{"embeddable":true,"href":"https:\/\/diarioregionaldigital.com.br\/index.php?rest_route=\/wp\/v2\/users\/96"}],"replies":[{"embeddable":true,"href":"https:\/\/diarioregionaldigital.com.br\/index.php?rest_route=%2Fwp%2Fv2%2Fcomments&post=79212"}],"version-history":[{"count":0,"href":"https:\/\/diarioregionaldigital.com.br\/index.php?rest_route=\/wp\/v2\/posts\/79212\/revisions"}],"wp:attachment":[{"href":"https:\/\/diarioregionaldigital.com.br\/index.php?rest_route=%2Fwp%2Fv2%2Fmedia&parent=79212"}],"wp:term":[{"taxonomy":"category","embeddable":true,"href":"https:\/\/diarioregionaldigital.com.br\/index.php?rest_route=%2Fwp%2Fv2%2Fcategories&post=79212"},{"taxonomy":"post_tag","embeddable":true,"href":"https:\/\/diarioregionaldigital.com.br\/index.php?rest_route=%2Fwp%2Fv2%2Ftags&post=79212"}],"curies":[{"name":"wp","href":"https:\/\/api.w.org\/{rel}","templated":true}]}}