{"id":79211,"date":"2017-08-15T22:36:23","date_gmt":"2017-08-16T01:36:23","guid":{"rendered":"http:\/\/diarioregionaljf.com.br\/2017\/08\/15\/casa-design-2\/"},"modified":"2017-08-15T22:36:23","modified_gmt":"2017-08-16T01:36:23","slug":"casa-design-2","status":"publish","type":"post","link":"https:\/\/diarioregionaldigital.com.br\/?p=79211","title":{"rendered":"Casa Design"},"content":{"rendered":"<p style=\"text-align: center;\"><span class=\"h4\">CES\/JF<\/span><br \/>Durante o 7\u00ba Simp\u00f3sio Internacional sobre a Juventude Brasileira realizado em Fortaleza, as professoras de Psicologia do CES\/JF, Adriana Ventura, Mafalda Luzia Coelho Madeira e Vera Helena Barbosa Lima Pires, com trabalhos aprovados, orientaram os alunos Eduardo Priamo Ferreira, Jos\u00e9 Ot\u00e1vio de Paula Nogueira, Fl\u00e1via Alvine Crystal Faria Vale e Jomara Costa.<\/p>\n<p style=\"text-align: center;\"><span class=\"h4\">Loura Gelada<\/span><br \/>A partir de 2 de setembro, o distrito de S\u00e3o Sebasti\u00e3o das \u00c1guas Claras, mais conhecido como Macacos, contar\u00e1 com festival mensal de cerveja, em vez do tradicional evento anual dedicado \u00e0 bebida predileta dos anglo-sax\u00f5es. \u00c9 o Junglebier, ou seja, Cerveja na Selva. No Bar do Marcinho, com a banda Putz Grilla.<\/p>\n<p style=\"text-align: center;\"><span class=\"h4\">Casa Design<\/span><br \/>Na reta final de execu\u00e7\u00e3o, a Casa Design 2017 vai arrasar com seus espa\u00e7os montados em um casar\u00e3o no bairro Paineiras. Alexandre Oliveira e N\u00edvea Mello est\u00e3o ansiosos para a abertura em setembro, revelando para Juiz de Fora renomados arquitetos, decoradores e designers de interiores.<\/p>\n<p style=\"text-align: center;\"><span class=\"h4\">Tribunal<\/span><br \/>Depois de se afastar por cerca de um m\u00eas da presid\u00eancia do Tribunal de Justi\u00e7a de Minas Gerais, o desembargador Herbert Carneiro reassumiu o cargo. Ele vem despachando normalmente na sede do Judici\u00e1rio, no alto da Afonso Pena, na capital mineira. Em sua aus\u00eancia, foi substitu\u00eddo pelo primeiro vice presidente, desembargador Geraldo Augusto de Almeida. Em julho, Carneiro completou um ano \u00e0 frente do tribunal.<\/p>\n<p style=\"text-align: center;\"><img decoding=\"async\" class=\" size-full wp-image-79201\" src=\"http:\/\/diarioregionaljf.com.br\/wp-content\/uploads\/2017\/08\/diario-int-18600-1.jpg\" alt=\"FOTOA.jpg\" width=\"680\" style=\"display: block; margin-left: auto; margin-right: auto;\" srcset=\"https:\/\/diarioregionaldigital.com.br\/wp-content\/uploads\/2017\/08\/diario-int-18600-1.jpg 680w, https:\/\/diarioregionaldigital.com.br\/wp-content\/uploads\/2017\/08\/diario-int-18600-1-300x199.jpg 300w, https:\/\/diarioregionaldigital.com.br\/wp-content\/uploads\/2017\/08\/diario-int-18600-1-360x238.jpg 360w\" sizes=\"(max-width: 680px) 100vw, 680px\" \/>Este colunista festejou os 18 anos do Zine Cultural com os queridos, Alexandre Silveira, Amanda Firjam, Anderson Ferreira e Gildo J\u00fanior<\/p>\n<p style=\"text-align: center;\"><img decoding=\"async\" class=\" size-full wp-image-79202\" src=\"http:\/\/diarioregionaljf.com.br\/wp-content\/uploads\/2017\/08\/diario-int-18600-2.jpg\" alt=\"FOTOB.jpg\" width=\"680\" style=\"display: block; margin-left: auto; margin-right: auto;\" srcset=\"https:\/\/diarioregionaldigital.com.br\/wp-content\/uploads\/2017\/08\/diario-int-18600-2.jpg 680w, https:\/\/diarioregionaldigital.com.br\/wp-content\/uploads\/2017\/08\/diario-int-18600-2-300x199.jpg 300w, https:\/\/diarioregionaldigital.com.br\/wp-content\/uploads\/2017\/08\/diario-int-18600-2-360x238.jpg 360w\" sizes=\"(max-width: 680px) 100vw, 680px\" \/>Na fervilhante noite da Danke Club, Rafael Koch Torres, Lucas de Alc\u00e2ntara e Victor Wilson<\/p>\n<p style=\"text-align: center;\"><img decoding=\"async\" class=\" size-full wp-image-79203\" src=\"http:\/\/diarioregionaljf.com.br\/wp-content\/uploads\/2017\/08\/diario-int-18600-3.jpg\" alt=\"FOTOC.jpg\" width=\"680\" style=\"display: block; margin-left: auto; margin-right: auto;\" srcset=\"https:\/\/diarioregionaldigital.com.br\/wp-content\/uploads\/2017\/08\/diario-int-18600-3.jpg 680w, https:\/\/diarioregionaldigital.com.br\/wp-content\/uploads\/2017\/08\/diario-int-18600-3-300x199.jpg 300w, https:\/\/diarioregionaldigital.com.br\/wp-content\/uploads\/2017\/08\/diario-int-18600-3-360x238.jpg 360w\" sizes=\"(max-width: 680px) 100vw, 680px\" \/>No lan\u00e7amento da Cole\u00e7\u00e3o Ouro na by Candy, o cantor Gustavo Antony com Nayara Neto e Nayane Neto<\/p>\n<p style=\"text-align: center;\"><img decoding=\"async\" class=\" size-full wp-image-79204\" src=\"http:\/\/diarioregionaljf.com.br\/wp-content\/uploads\/2017\/08\/diario-int-18600-4.jpg\" alt=\"FOTOD.jpg\" width=\"680\" style=\"display: block; margin-left: auto; margin-right: auto;\" srcset=\"https:\/\/diarioregionaldigital.com.br\/wp-content\/uploads\/2017\/08\/diario-int-18600-4.jpg 680w, https:\/\/diarioregionaldigital.com.br\/wp-content\/uploads\/2017\/08\/diario-int-18600-4-300x199.jpg 300w, https:\/\/diarioregionaldigital.com.br\/wp-content\/uploads\/2017\/08\/diario-int-18600-4-360x238.jpg 360w\" sizes=\"(max-width: 680px) 100vw, 680px\" \/>A linda Maria Fernanda festejando seu 1\u00ba aninho com seus pais Fabr\u00edcia Meirelles e Leonardo Andrade<\/p>\n<p style=\"text-align: center;\"><img decoding=\"async\" class=\" size-full wp-image-79205\" src=\"http:\/\/diarioregionaljf.com.br\/wp-content\/uploads\/2017\/08\/diario-int-18600-5.jpg\" alt=\"FOTOE.jpg\" width=\"680\" style=\"display: block; margin-left: auto; margin-right: auto;\" srcset=\"https:\/\/diarioregionaldigital.com.br\/wp-content\/uploads\/2017\/08\/diario-int-18600-5.jpg 680w, https:\/\/diarioregionaldigital.com.br\/wp-content\/uploads\/2017\/08\/diario-int-18600-5-300x199.jpg 300w, https:\/\/diarioregionaldigital.com.br\/wp-content\/uploads\/2017\/08\/diario-int-18600-5-360x238.jpg 360w\" sizes=\"(max-width: 680px) 100vw, 680px\" \/>No F\u00e1tima buffet, as elegantes Carmem L\u00facia Zacarias, Luciana Paschoalino, Franciane Zacarias Paschoalino e \u00cdris Carone Rachid<\/p>\n<p style=\"text-align: center;\"><img decoding=\"async\" class=\" size-full wp-image-79206\" src=\"http:\/\/diarioregionaljf.com.br\/wp-content\/uploads\/2017\/08\/diario-int-18600-6.jpg\" alt=\"FOTOF.jpg\" width=\"680\" style=\"display: block; margin-left: auto; margin-right: auto;\" srcset=\"https:\/\/diarioregionaldigital.com.br\/wp-content\/uploads\/2017\/08\/diario-int-18600-6.jpg 680w, https:\/\/diarioregionaldigital.com.br\/wp-content\/uploads\/2017\/08\/diario-int-18600-6-300x199.jpg 300w, https:\/\/diarioregionaldigital.com.br\/wp-content\/uploads\/2017\/08\/diario-int-18600-6-360x238.jpg 360w\" sizes=\"(max-width: 680px) 100vw, 680px\" \/>No Bar Salvaterra Alto dos Passos, Paulo Gonzalez e Renata Hargreaves<\/p>\n<p style=\"text-align: center;\"><img decoding=\"async\" class=\" size-full wp-image-79207\" src=\"http:\/\/diarioregionaljf.com.br\/wp-content\/uploads\/2017\/08\/diario-int-18600-7.jpg\" alt=\"FOTOG.jpg\" width=\"680\" style=\"display: block; margin-left: auto; margin-right: auto;\" srcset=\"https:\/\/diarioregionaldigital.com.br\/wp-content\/uploads\/2017\/08\/diario-int-18600-7.jpg 680w, https:\/\/diarioregionaldigital.com.br\/wp-content\/uploads\/2017\/08\/diario-int-18600-7-266x300.jpg 266w, https:\/\/diarioregionaldigital.com.br\/wp-content\/uploads\/2017\/08\/diario-int-18600-7-360x407.jpg 360w\" sizes=\"(max-width: 680px) 100vw, 680px\" \/>No Privil\u00e9ge, Marcos Grij\u00f3 (aniversariando) e Isadora Machado<\/p>\n<p style=\"text-align: center;\"><img decoding=\"async\" class=\" size-full wp-image-79208\" src=\"http:\/\/diarioregionaljf.com.br\/wp-content\/uploads\/2017\/08\/diario-int-18600-8.jpg\" alt=\"FOTOH.jpg\" width=\"680\" style=\"display: block; margin-left: auto; margin-right: auto;\" srcset=\"https:\/\/diarioregionaldigital.com.br\/wp-content\/uploads\/2017\/08\/diario-int-18600-8.jpg 680w, https:\/\/diarioregionaldigital.com.br\/wp-content\/uploads\/2017\/08\/diario-int-18600-8-266x300.jpg 266w, https:\/\/diarioregionaldigital.com.br\/wp-content\/uploads\/2017\/08\/diario-int-18600-8-360x407.jpg 360w\" sizes=\"(max-width: 680px) 100vw, 680px\" \/>No Constantino Hotel, os escritores Alice Gervason e Breno Ara\u00fajo<\/p>\n<p style=\"text-align: center;\"><img decoding=\"async\" class=\" size-full wp-image-79209\" src=\"http:\/\/diarioregionaljf.com.br\/wp-content\/uploads\/2017\/08\/diario-int-18600-9.jpg\" alt=\"FOTOI.jpg\" width=\"680\" style=\"display: block; margin-left: auto; margin-right: auto;\" srcset=\"https:\/\/diarioregionaldigital.com.br\/wp-content\/uploads\/2017\/08\/diario-int-18600-9.jpg 680w, https:\/\/diarioregionaldigital.com.br\/wp-content\/uploads\/2017\/08\/diario-int-18600-9-300x199.jpg 300w, https:\/\/diarioregionaldigital.com.br\/wp-content\/uploads\/2017\/08\/diario-int-18600-9-360x238.jpg 360w\" sizes=\"(max-width: 680px) 100vw, 680px\" \/>Em dia de beleza, Fernanda Arbex, o coiffeur Marcos Reink e Simone Arbex<\/p>\n<p style=\"text-align: center;\"><img decoding=\"async\" class=\" size-full wp-image-79210\" src=\"http:\/\/diarioregionaljf.com.br\/wp-content\/uploads\/2017\/08\/diario-int-18600-10.jpg\" alt=\"FOTOJ.jpg\" width=\"680\" style=\"display: block; margin-left: auto; margin-right: auto;\" srcset=\"https:\/\/diarioregionaldigital.com.br\/wp-content\/uploads\/2017\/08\/diario-int-18600-10.jpg 680w, https:\/\/diarioregionaldigital.com.br\/wp-content\/uploads\/2017\/08\/diario-int-18600-10-300x199.jpg 300w, https:\/\/diarioregionaldigital.com.br\/wp-content\/uploads\/2017\/08\/diario-int-18600-10-360x238.jpg 360w\" sizes=\"(max-width: 680px) 100vw, 680px\" \/>No Ol\u00edmpico curtindo tarde musical, Dani Brito, L\u00e9o Pinto e Alessandra Costa<\/p>\n<p class=\"h4\" style=\"text-align: center;\">FOTOSS\u00cdNTESE<\/p>\n<p>Organizado pela Festa Red, o Caf\u00e9 Muzik vai receber no dia 19 de agosto, \u00e0s 22h, a festa Sexy Party#rainbow.<\/p>\n<p>No Espa\u00e7o Cultural Pantanal, vai rolar no dia 2 de setembro a festa Vai Latina promovido pela Calourada do Instituto de Artes e Design, da UFJF.<\/p>\n<p>Para o dia 19 de agosto, de 14 \u00e0s 22h, a Pra\u00e7a C\u00edvica da UFJF estar\u00e1 movimentada para o evento Som Aberto.<\/p>\n<p>O domingo 20 de agosto promete som de qualidade, com Pedro Teixeira, M\u00e1rcio Guelber e Henrique Nogueira apresentando na Arteria, \u00e0s 15h, o Show Tributo a Caetano.<\/p>\n<p>O palco do Expominas\/JF estar\u00e1 todo iluminado, nesta 4\u00aa feira, 16 de agosto, \u00e0s 19h30, para a apresenta\u00e7\u00e3o da pe\u00e7a \u201cMinha m\u00e3e \u00e9 uma pe\u00e7a\u201d com Paulo Gustavo.<\/p>\n<p>Em outubro, Juiz de Fora vai receber pela primeira vez o evento Cochurros. O festival contar\u00e1 com v\u00e1rias op\u00e7\u00f5es de coxinhas e os mais renomados churros do Brasil.<\/p>\n<p>Vai bombar no s\u00e1bado 26 de agosto, \u00e0s 23h, no Privil\u00e9ge a festa Projota com o super DJ Marquinhos SP.<\/p>\n<p>De 6 a 17 de setembro, o bairro Borboleta vai ter intensa mobiliza\u00e7\u00e3o com o 23\u00ba Deutsches Fest. A festa alem\u00e3 em sua 23\u00aa edi\u00e7\u00e3o vai reunir um mix de cultura, entretenimento, dan\u00e7as folcl\u00f3ricas, comida t\u00edpica e muito chopp gelado.<\/p>\n<p>Marcando na agenda o dia 14 de setembro, o evento Outliers &#8211; Pensamentos e A\u00e7\u00f5es Fora de S\u00e9rie traz para o espa\u00e7o Terrazzo um super evento de empreendedorismo para regi\u00e3o. Para as palestras estar\u00e3o em a\u00e7\u00e3o, Ozires Silva, Ricardo Bellino e Matheus Tomoto.<\/p>\n<p>A transformista e cantora Jane di Castro vem direto do Rio de Janeiro e faz o show Divas da Can\u00e7\u00e3o, \u00e0s 20h, no Cine-Theatro Central. A atra\u00e7\u00e3o faz parte da Semana Rainbow da UFJF e ser\u00e1 nesta 5\u00aa feira, 17 de agosto.<\/p>\n<p>Simone Assis e Diego Trevisani foram almo\u00e7ar no Restaurante Capit\u00e3o Arnaldo e elogiaram os pratos. Ela pediu mousseline de baroa e ragu de cordeiro. Ele, risoto de abobrinha com \u2018cream cheese\u2019.<\/p>\n<p>Para ficar antenado: Eu n\u00e3o preciso de muito para ser feliz. Isso n\u00e3o significa que me contente com pouco. Bom dia JF.<\/p>\n","protected":false},"excerpt":{"rendered":"<p>CES\/JFDurante o 7\u00ba Simp\u00f3sio Internacional sobre a Juventude Brasileira realizado em Fortaleza, as professoras de Psicologia do CES\/JF, Adriana Ventura, Mafalda Luzia Coelho Madeira e Vera Helena Barbosa Lima Pires, com trabalhos aprovados, orientaram os alunos Eduardo Priamo Ferreira, Jos\u00e9 Ot\u00e1vio de Paula Nogueira, Fl\u00e1via Alvine Crystal Faria Vale e Jomara Costa. Loura GeladaA partir [&hellip;]<\/p>\n","protected":false},"author":96,"featured_media":79200,"comment_status":"closed","ping_status":"closed","sticky":false,"template":"","format":"standard","meta":{"footnotes":""},"categories":[264],"tags":[],"class_list":["post-79211","post","type-post","status-publish","format-standard","has-post-thumbnail","hentry","category-eduardo-gomes"],"_links":{"self":[{"href":"https:\/\/diarioregionaldigital.com.br\/index.php?rest_route=\/wp\/v2\/posts\/79211","targetHints":{"allow":["GET"]}}],"collection":[{"href":"https:\/\/diarioregionaldigital.com.br\/index.php?rest_route=\/wp\/v2\/posts"}],"about":[{"href":"https:\/\/diarioregionaldigital.com.br\/index.php?rest_route=\/wp\/v2\/types\/post"}],"author":[{"embeddable":true,"href":"https:\/\/diarioregionaldigital.com.br\/index.php?rest_route=\/wp\/v2\/users\/96"}],"replies":[{"embeddable":true,"href":"https:\/\/diarioregionaldigital.com.br\/index.php?rest_route=%2Fwp%2Fv2%2Fcomments&post=79211"}],"version-history":[{"count":0,"href":"https:\/\/diarioregionaldigital.com.br\/index.php?rest_route=\/wp\/v2\/posts\/79211\/revisions"}],"wp:featuredmedia":[{"embeddable":true,"href":"https:\/\/diarioregionaldigital.com.br\/index.php?rest_route=\/wp\/v2\/media\/79200"}],"wp:attachment":[{"href":"https:\/\/diarioregionaldigital.com.br\/index.php?rest_route=%2Fwp%2Fv2%2Fmedia&parent=79211"}],"wp:term":[{"taxonomy":"category","embeddable":true,"href":"https:\/\/diarioregionaldigital.com.br\/index.php?rest_route=%2Fwp%2Fv2%2Fcategories&post=79211"},{"taxonomy":"post_tag","embeddable":true,"href":"https:\/\/diarioregionaldigital.com.br\/index.php?rest_route=%2Fwp%2Fv2%2Ftags&post=79211"}],"curies":[{"name":"wp","href":"https:\/\/api.w.org\/{rel}","templated":true}]}}