{"id":79199,"date":"2017-08-15T22:34:20","date_gmt":"2017-08-16T01:34:20","guid":{"rendered":"http:\/\/diarioregionaljf.com.br\/2017\/08\/15\/motociclista-morre-apos-colisao-no-santo-antonio\/"},"modified":"2017-08-15T22:34:20","modified_gmt":"2017-08-16T01:34:20","slug":"motociclista-morre-apos-colisao-no-santo-antonio","status":"publish","type":"post","link":"https:\/\/diarioregionaldigital.com.br\/?p=79199","title":{"rendered":"Motociclista morre ap\u00f3s colis\u00e3o no Santo Ant\u00f4nio"},"content":{"rendered":"<p>Um motociclista de 18 anos morreu ap\u00f3s colidir com um autom\u00f3vel na tarde dessa ter\u00e7a-feira, 15, na Alameda Ilva Melo Reis, situada no bairro Santo Ant\u00f4nio, zona Sudeste.<\/p>\n<p>O motorista do ve\u00edculo VW\/Parati relatou aos policiais militares que seguia pela via, sentido Centro da cidade, quando, em uma curva \u00e0 esquerda, percebeu que a motocicleta, que seguia em sentido contr\u00e1rio, caiu ao solo e deslizou em sua dire\u00e7\u00e3o juntamente com o condutor, colidindo contra a frente esquerda do autom\u00f3vel.<\/p>\n<p>A per\u00edcia esteve no local e realizou os trabalhos de praxe. Os policiais identificaram que o jovem que conduzia a moto n\u00e3o portava Carteira Nacional de Habilita\u00e7\u00e3o (CNH) ou Permiss\u00e3o Para Dirigir (PPD).<\/p>\n<p>A equipe m\u00e9dica tentou realizar a estabiliza\u00e7\u00e3o do condutor da motocicleta, por\u00e9m, o mesmo faleceu no local. O corpo foi encaminhado ao necrot\u00e9rio do Hospital de Pronto Socorro (HPS).<\/p>\n","protected":false},"excerpt":{"rendered":"<p>Um motociclista de 18 anos morreu ap\u00f3s colidir com um autom\u00f3vel na tarde dessa ter\u00e7a-feira, 15, na Alameda Ilva Melo Reis, situada no bairro Santo Ant\u00f4nio, zona Sudeste. O motorista do ve\u00edculo VW\/Parati relatou aos policiais militares que seguia pela via, sentido Centro da cidade, quando, em uma curva \u00e0 esquerda, percebeu que a motocicleta, [&hellip;]<\/p>\n","protected":false},"author":96,"featured_media":79198,"comment_status":"closed","ping_status":"closed","sticky":false,"template":"","format":"standard","meta":{"footnotes":""},"categories":[253],"tags":[],"class_list":["post-79199","post","type-post","status-publish","format-standard","has-post-thumbnail","hentry","category-cidade"],"_links":{"self":[{"href":"https:\/\/diarioregionaldigital.com.br\/index.php?rest_route=\/wp\/v2\/posts\/79199","targetHints":{"allow":["GET"]}}],"collection":[{"href":"https:\/\/diarioregionaldigital.com.br\/index.php?rest_route=\/wp\/v2\/posts"}],"about":[{"href":"https:\/\/diarioregionaldigital.com.br\/index.php?rest_route=\/wp\/v2\/types\/post"}],"author":[{"embeddable":true,"href":"https:\/\/diarioregionaldigital.com.br\/index.php?rest_route=\/wp\/v2\/users\/96"}],"replies":[{"embeddable":true,"href":"https:\/\/diarioregionaldigital.com.br\/index.php?rest_route=%2Fwp%2Fv2%2Fcomments&post=79199"}],"version-history":[{"count":0,"href":"https:\/\/diarioregionaldigital.com.br\/index.php?rest_route=\/wp\/v2\/posts\/79199\/revisions"}],"wp:featuredmedia":[{"embeddable":true,"href":"https:\/\/diarioregionaldigital.com.br\/index.php?rest_route=\/wp\/v2\/media\/79198"}],"wp:attachment":[{"href":"https:\/\/diarioregionaldigital.com.br\/index.php?rest_route=%2Fwp%2Fv2%2Fmedia&parent=79199"}],"wp:term":[{"taxonomy":"category","embeddable":true,"href":"https:\/\/diarioregionaldigital.com.br\/index.php?rest_route=%2Fwp%2Fv2%2Fcategories&post=79199"},{"taxonomy":"post_tag","embeddable":true,"href":"https:\/\/diarioregionaldigital.com.br\/index.php?rest_route=%2Fwp%2Fv2%2Ftags&post=79199"}],"curies":[{"name":"wp","href":"https:\/\/api.w.org\/{rel}","templated":true}]}}