{"id":79193,"date":"2017-08-15T21:24:30","date_gmt":"2017-08-16T00:24:30","guid":{"rendered":"http:\/\/diarioregionaljf.com.br\/2017\/08\/15\/homem-e-preso-em-flagrante-apos-roubar-idosa-em-lima-duarte\/"},"modified":"2017-08-15T21:24:30","modified_gmt":"2017-08-16T00:24:30","slug":"homem-e-preso-em-flagrante-apos-roubar-idosa-em-lima-duarte","status":"publish","type":"post","link":"https:\/\/diarioregionaldigital.com.br\/?p=79193","title":{"rendered":"Homem \u00e9 preso em flagrante ap\u00f3s roubar idosa em Lima Duarte"},"content":{"rendered":"<p>Um homem de 27 anos foi preso em flagrante pela Pol\u00edcia Civil de Minas Gerais (PCMG), na manh\u00e3 desta ter\u00e7a-feira 15, ap\u00f3s roubar uma idosa de 70 anos, em Lima Duarte.<\/p>\n<p>De acordo com informa\u00e7\u00f5es da PC, a v\u00edtima disse que estava indo em dire\u00e7\u00e3o a um ponto de \u00f4nibus quando foi abordada e o suspeito anunciou o assalto, arrancando sua bolsa. \u201cA equipe da Pol\u00edcia Civil, ao tomar conhecimento dos fatos, j\u00e1 iniciou a apura\u00e7\u00e3o do crime e logrou \u00eaxito na identifica\u00e7\u00e3o e pris\u00e3o em flagrante do autor, que confessou a pr\u00e1tica dos fatos e foi reconhecido pela v\u00edtima\u201d, explicou o delegado Jos\u00e9 M\u00e1rcio de Almeida Lopes.<\/p>\n<p>O autor possui passagem na Pol\u00edcia pela pr\u00e1tica do crime de furto na comarca de Lima Duarte, bem como processo e inqu\u00e9rito policial no Estado de S\u00e3o Paulo. Ele foi encaminhado ao Centro de Remanejamento do Sistema Prisional (Ceresp) em Juiz de Fora.<\/p>\n<p>Fonte: Assessoria<\/p>\n","protected":false},"excerpt":{"rendered":"<p>Um homem de 27 anos foi preso em flagrante pela Pol\u00edcia Civil de Minas Gerais (PCMG), na manh\u00e3 desta ter\u00e7a-feira 15, ap\u00f3s roubar uma idosa de 70 anos, em Lima Duarte. De acordo com informa\u00e7\u00f5es da PC, a v\u00edtima disse que estava indo em dire\u00e7\u00e3o a um ponto de \u00f4nibus quando foi abordada e o [&hellip;]<\/p>\n","protected":false},"author":96,"featured_media":79192,"comment_status":"closed","ping_status":"closed","sticky":false,"template":"","format":"standard","meta":{"footnotes":""},"categories":[252],"tags":[],"class_list":["post-79193","post","type-post","status-publish","format-standard","has-post-thumbnail","hentry","category-regiao"],"_links":{"self":[{"href":"https:\/\/diarioregionaldigital.com.br\/index.php?rest_route=\/wp\/v2\/posts\/79193","targetHints":{"allow":["GET"]}}],"collection":[{"href":"https:\/\/diarioregionaldigital.com.br\/index.php?rest_route=\/wp\/v2\/posts"}],"about":[{"href":"https:\/\/diarioregionaldigital.com.br\/index.php?rest_route=\/wp\/v2\/types\/post"}],"author":[{"embeddable":true,"href":"https:\/\/diarioregionaldigital.com.br\/index.php?rest_route=\/wp\/v2\/users\/96"}],"replies":[{"embeddable":true,"href":"https:\/\/diarioregionaldigital.com.br\/index.php?rest_route=%2Fwp%2Fv2%2Fcomments&post=79193"}],"version-history":[{"count":0,"href":"https:\/\/diarioregionaldigital.com.br\/index.php?rest_route=\/wp\/v2\/posts\/79193\/revisions"}],"wp:featuredmedia":[{"embeddable":true,"href":"https:\/\/diarioregionaldigital.com.br\/index.php?rest_route=\/wp\/v2\/media\/79192"}],"wp:attachment":[{"href":"https:\/\/diarioregionaldigital.com.br\/index.php?rest_route=%2Fwp%2Fv2%2Fmedia&parent=79193"}],"wp:term":[{"taxonomy":"category","embeddable":true,"href":"https:\/\/diarioregionaldigital.com.br\/index.php?rest_route=%2Fwp%2Fv2%2Fcategories&post=79193"},{"taxonomy":"post_tag","embeddable":true,"href":"https:\/\/diarioregionaldigital.com.br\/index.php?rest_route=%2Fwp%2Fv2%2Ftags&post=79193"}],"curies":[{"name":"wp","href":"https:\/\/api.w.org\/{rel}","templated":true}]}}