{"id":79191,"date":"2017-08-15T21:16:17","date_gmt":"2017-08-16T00:16:17","guid":{"rendered":"http:\/\/diarioregionaljf.com.br\/2017\/08\/15\/ita-abre-inscricoes-para-vestibular-de-2017\/"},"modified":"2017-08-15T21:16:17","modified_gmt":"2017-08-16T00:16:17","slug":"ita-abre-inscricoes-para-vestibular-de-2017","status":"publish","type":"post","link":"https:\/\/diarioregionaldigital.com.br\/?p=79191","title":{"rendered":"ITA abre inscri\u00e7\u00f5es para vestibular de 2017"},"content":{"rendered":"<p>Jovens de at\u00e9 23 anos, interessados no vestibular do Instituto Tecnol\u00f3gico de Aeron\u00e1utica (ITA), localizado em S\u00e3o Jos\u00e9 dos Campos (SP), podem se inscrever at\u00e9 15 de setembro para as provas. A taxa \u00e9 de R$140, e a inscri\u00e7\u00e3o deve ser feita pelo site da institui\u00e7\u00e3o (www.vestibular.ita.br).<\/p>\n<p>S\u00e3o oferecidas 110 vagas, sendo 25 delas exclusivas para candidatos que tenham interesse em ingressar na carreira militar no Quadro de Oficiais Engenheiros da Ativa da For\u00e7a A\u00e9rea Brasileira (QOEng).<\/p>\n<p>Para se inscrever, al\u00e9m de ter no m\u00e1ximo 23 anos no dia 31\/12\/2017, o candidato ou candidata precisam ser brasileiros natos e ter conclu\u00eddo o Ensino M\u00e9dio (ou concluir neste ano).<\/p>\n<p>O processo seletivo \u00e9 composto por inspe\u00e7\u00e3o de sa\u00fade e exame de escolaridade, com avalia\u00e7\u00f5es de F\u00edsica, Ingl\u00eas, Matem\u00e1tica, Portugu\u00eas e Qu\u00edmica.<\/p>\n<p>As provas ser\u00e3o realizadas de 12 a 15 de dezembro nas cidades de Juiz de Fora (MG), Bel\u00e9m(PA), Belo Horizonte(MG), Bras\u00edlia(DF), Campinas(SP), Campo Grande (MS), Cuiab\u00e1(MT), Curitiba(PR), Fortaleza(CE), Goi\u00e2nia(GO), Londrina(PR), Manaus(AM), Natal(RN), Porto Alegre(RS), Recife(PE), Ribeir\u00e3o Preto(SP), Rio de Janeiro(RJ), Salvador(BA), S\u00e3o Lu\u00eds(MA), S\u00e3o Jos\u00e9 dos Campos(SP), S\u00e3o Jos\u00e9 do Rio Preto(SP), S\u00e3o Paulo(SP), Teresina(PI) e Vit\u00f3ria(ES).<\/p>\n<h4>A GRADUA\u00c7\u00c3O<\/h4>\n<p>O curso de gradua\u00e7\u00e3o em Engenharia no ITA tem dura\u00e7\u00e3o de cinco anos. Os dois primeiros constituem o Curso Fundamental, que \u00e9 comum a todos os alunos. J\u00e1 os tr\u00eas \u00faltimos correspondem aos Cursos Profissionais, espec\u00edficos para cada especialidade de Engenharia.<\/p>\n<p>As especialidades oferecidas s\u00e3o: Aeroespacial, Aeron\u00e1utica, Civil-Aeron\u00e1utica, Computa\u00e7\u00e3o, Eletr\u00f4nica e Mec\u00e2nica-Aeron\u00e1utica.<\/p>\n<p>Colabora\u00e7\u00e3o: Portal Brasil<\/p>\n","protected":false},"excerpt":{"rendered":"<p>Jovens de at\u00e9 23 anos, interessados no vestibular do Instituto Tecnol\u00f3gico de Aeron\u00e1utica (ITA), localizado em S\u00e3o Jos\u00e9 dos Campos (SP), podem se inscrever at\u00e9 15 de setembro para as provas. A taxa \u00e9 de R$140, e a inscri\u00e7\u00e3o deve ser feita pelo site da institui\u00e7\u00e3o (www.vestibular.ita.br). S\u00e3o oferecidas 110 vagas, sendo 25 delas exclusivas [&hellip;]<\/p>\n","protected":false},"author":96,"featured_media":0,"comment_status":"closed","ping_status":"closed","sticky":false,"template":"","format":"standard","meta":{"footnotes":""},"categories":[280],"tags":[],"class_list":["post-79191","post","type-post","status-publish","format-standard","hentry","category-concurso"],"_links":{"self":[{"href":"https:\/\/diarioregionaldigital.com.br\/index.php?rest_route=\/wp\/v2\/posts\/79191","targetHints":{"allow":["GET"]}}],"collection":[{"href":"https:\/\/diarioregionaldigital.com.br\/index.php?rest_route=\/wp\/v2\/posts"}],"about":[{"href":"https:\/\/diarioregionaldigital.com.br\/index.php?rest_route=\/wp\/v2\/types\/post"}],"author":[{"embeddable":true,"href":"https:\/\/diarioregionaldigital.com.br\/index.php?rest_route=\/wp\/v2\/users\/96"}],"replies":[{"embeddable":true,"href":"https:\/\/diarioregionaldigital.com.br\/index.php?rest_route=%2Fwp%2Fv2%2Fcomments&post=79191"}],"version-history":[{"count":0,"href":"https:\/\/diarioregionaldigital.com.br\/index.php?rest_route=\/wp\/v2\/posts\/79191\/revisions"}],"wp:attachment":[{"href":"https:\/\/diarioregionaldigital.com.br\/index.php?rest_route=%2Fwp%2Fv2%2Fmedia&parent=79191"}],"wp:term":[{"taxonomy":"category","embeddable":true,"href":"https:\/\/diarioregionaldigital.com.br\/index.php?rest_route=%2Fwp%2Fv2%2Fcategories&post=79191"},{"taxonomy":"post_tag","embeddable":true,"href":"https:\/\/diarioregionaldigital.com.br\/index.php?rest_route=%2Fwp%2Fv2%2Ftags&post=79191"}],"curies":[{"name":"wp","href":"https:\/\/api.w.org\/{rel}","templated":true}]}}