{"id":79188,"date":"2017-08-15T20:35:26","date_gmt":"2017-08-15T23:35:26","guid":{"rendered":"http:\/\/diarioregionaljf.com.br\/2017\/08\/15\/seis-iniciativas-sao-contempladas-no-12-premio-amigo-do-patrimonio\/"},"modified":"2017-08-15T20:35:26","modified_gmt":"2017-08-15T23:35:26","slug":"seis-iniciativas-sao-contempladas-no-12-premio-amigo-do-patrimonio","status":"publish","type":"post","link":"https:\/\/diarioregionaldigital.com.br\/?p=79188","title":{"rendered":"Seis iniciativas s\u00e3o contempladas no 12\u00ba Pr\u00eamio \u201cAmigo do Patrim\u00f4nio\u201d"},"content":{"rendered":"<p>O \u201cPr\u00eamio Amigo do Patrim\u00f4nio\u201d foi institu\u00eddo pela Lei N\u00ba 11.111, de 25 de abril de 2006, e \u00e9 gerenciado pela Prefeitura de Juiz de Fora (PJF) por meio da Funda\u00e7\u00e3o Alfredo Ferreira Lage (Funalfa). Realizada todos os anos, a premia\u00e7\u00e3o \u00e9 feita a partir de indica\u00e7\u00f5es de pessoas f\u00edsicas ou jur\u00eddicas, de direito p\u00fablico ou privado, que tenham desenvolvido iniciativas ou atitudes de divulga\u00e7\u00e3o, defesa e preserva\u00e7\u00e3o de bens culturais tombados pelo munic\u00edpio e de valoriza\u00e7\u00e3o do patrim\u00f4nio cultural da cidade.<\/p>\n<p>Na edi\u00e7\u00e3o deste ano, seis iniciativas foram reconhecidas como a\u00e7\u00f5es que valorizam o patrim\u00f4nio de Juiz de Fora e ser\u00e3o homenageadas nessa quinta-feira, 17, \u00e0s 14h30, no Anfiteatro Jo\u00e3o Carri\u00e7o, localizado na sede da Funalfa (Avenida Bar\u00e3o do Rio Branco, 2.234, Centro).<br \/>Ao todo, 18 propostas foram inscritas. As mesmas foram avaliadas por uma comiss\u00e3o julgadora formada pelo superintendente da Funalfa e presidente do Conselho Municipal de Preserva\u00e7\u00e3o do Patrim\u00f4nio Cultural (Comppac), R\u00f4mulo Veiga; pelo vice-presidente do Conselho, Wilson Cid; e pelos historiadores da Divis\u00e3o de Patrim\u00f4nio Cultural (Dipac) da Funalfa, Fabr\u00edcio Fernandes e Carine Muguet. A avalia\u00e7\u00e3o levou em conta a originalidade das a\u00e7\u00f5es e a abrang\u00eancia e import\u00e2ncia das propostas.<\/p>\n<p>Segundo informa\u00e7\u00f5es do historiador do Dipac, Fabr\u00edcio Fernandes, o objetivo do projeto \u00e9 incentivar a\u00e7\u00f5es de preserva\u00e7\u00e3o do patrim\u00f4nio do munic\u00edpio. \u201cEle [projeto] colabora na divulga\u00e7\u00e3o desse m\u00e9rito. \u00c9 um pr\u00eamio que conferimos anualmente visando divulgar as a\u00e7\u00f5es\u201d, afirma Fernandes. O historiador informou que a premia\u00e7\u00e3o \u00e9 simb\u00f3lica, feita por meio da entrega de uma placa aos premiados.<\/p>\n<p>Os contemplados foram Suzana Markus, com o projeto &#8220;Carabina Cultural&#8221;, iniciativa de promo\u00e7\u00e3o da cultura e do patrim\u00f4nio cultural na comunidade de Sarandira; o Laborat\u00f3rio de Patrim\u00f4nios Culturais (Lapa), pelos projetos de gest\u00e3o de acervos, desenvolvidos entre os alunos da UFJF, iniciativas que destacam o patrim\u00f4nio juiz-forano e contribuem para a valoriza\u00e7\u00e3o da mem\u00f3ria e para a forma\u00e7\u00e3o de profissionais; o Projeto de Visitas Guiadas do Cine-Theatro Central, por incentivar o conhecimento sobre o bem tombado; M\u00f4nica Cristina Henriques Leite Olender, em reconhecimento aos projetos de restauro, refer\u00eancia para outros projetos de im\u00f3veis tombados, al\u00e9m de sua milit\u00e2ncia em prol da preserva\u00e7\u00e3o do patrim\u00f4nio cultural; a Loja Riachuelo, por manter as caracter\u00edsticas da fachada do im\u00f3vel localizado na Rua Halfeld, 580 (que n\u00e3o \u00e9 protegido por tombamento), seguindo as diretrizes do decreto que rege a publicidade em im\u00f3veis protegidos; e a fanpage \u201cPatrim\u00f4nio Cultural: Al\u00e9m da Pedra e Cal\u201d, por ser uma importante ferramenta de divulga\u00e7\u00e3o e a\u00e7\u00f5es de salvaguarda do patrim\u00f4nio cultural local, levando conte\u00fado sobre o tema atrav\u00e9s das redes sociais.<\/p>\n<p>A arquiteta e uma das administradoras da p\u00e1gina contemplada, Mariana Rossin, informou que a iniciativa surgiu em 2013, \u00e9poca em que os administradores eram estagi\u00e1rios do Dipac. \u201cCriamos a p\u00e1gina para divulgar o patrim\u00f4nio municipal e com o tempo colaboradores foram aderindo \u00e0 proposta. Hoje fazemos divulga\u00e7\u00e3o de eventos na \u00e1rea de patrim\u00f4nio, como congressos e cursos, e tamb\u00e9m fazemos den\u00fancias de descaso com o patrim\u00f4nio\u201d, conta Mariana.<\/p>\n<p>Ela comemorou o pr\u00eamio e disse que ele \u00e9 muito importante para o projeto. \u201cCriamos a p\u00e1gina e nunca imaginamos que ela chegaria ao alcance que estamos tendo e nem que receber\u00edamos esse pr\u00eamio\u201d, afirma. As pessoas que quiserem contribuir com o projeto podem acessar a p\u00e1gina no Facebook (alemdapedraecal) e, caso queiram fazer alguma divulga\u00e7\u00e3o, podem enviar atrav\u00e9s da mesma, para ser feita gratuitamente.<\/p>\n<p>Outro contemplado foi o professor do Departamento de Hist\u00f3ria da Universidade Federal de Juiz de Fora (UFJF), arquiteto, historiador e coordenador do Laborat\u00f3rio de Patrim\u00f4nios Culturais (Lapa), Marcos Olender. Segundo ele, o Laborat\u00f3rio desenvolve, h\u00e1 v\u00e1rios anos, projetos de extens\u00e3o e pesquisa na \u00e1rea do patrim\u00f4nio cultural, como os projetos Mem\u00f3ria Ferrovi\u00e1ria, Hist\u00f3ria da UFJF, al\u00e9m de pesquisa da cultura da migra\u00e7\u00e3o italiana na cidade. \u201cS\u00e3o v\u00e1rios projetos que ajudam na preserva\u00e7\u00e3o do patrim\u00f4nio da cidade e regi\u00e3o\u201d, afirma Olender, ressaltando que o pr\u00eamio \u00e9 fruto do reconhecimento do trabalho que o grupo vem desenvolvendo, visando e auxiliando na preserva\u00e7\u00e3o do patrim\u00f4nio cultural. Quem se interessar pelo projeto e quiser ficar por dentro das pesquisas e eventos realizados, pode acessar a p\u00e1gina do Lapa no Facebook (lapa.patrimoniosculturais) e o site da iniciativa (www.ufjf.br\/lapa).<\/p>\n<p>&nbsp;<\/p>\n<h4>Semana do Patrim\u00f4nio e da Fotografia<\/h4>\n<p>Tamb\u00e9m na quinta-feira, 17, a Guarda Municipal realizar\u00e1, no Parque Halfeld, o evento \u201cSemana do Patrim\u00f4nio e da Fotografia\u201d, que pretende mostrar ao p\u00fablico fotos dos principais patrim\u00f4nios da cidade. Al\u00e9m disso, durante o evento, ser\u00e1 apresentado \u00e0 popula\u00e7\u00e3o o projeto \u201cEsta\u00e7\u00e3o da Leitura\u201d, da Guarda Municipal Ambiental, e divulgado o material sobre a conserva\u00e7\u00e3o do Parque Halfeld. O evento segue at\u00e9 sexta-feira, 18.<\/p>\n","protected":false},"excerpt":{"rendered":"<p>O \u201cPr\u00eamio Amigo do Patrim\u00f4nio\u201d foi institu\u00eddo pela Lei N\u00ba 11.111, de 25 de abril de 2006, e \u00e9 gerenciado pela Prefeitura de Juiz de Fora (PJF) por meio da Funda\u00e7\u00e3o Alfredo Ferreira Lage (Funalfa). Realizada todos os anos, a premia\u00e7\u00e3o \u00e9 feita a partir de indica\u00e7\u00f5es de pessoas f\u00edsicas ou jur\u00eddicas, de direito p\u00fablico [&hellip;]<\/p>\n","protected":false},"author":96,"featured_media":79187,"comment_status":"closed","ping_status":"closed","sticky":false,"template":"","format":"standard","meta":{"footnotes":""},"categories":[253],"tags":[],"class_list":["post-79188","post","type-post","status-publish","format-standard","has-post-thumbnail","hentry","category-cidade"],"_links":{"self":[{"href":"https:\/\/diarioregionaldigital.com.br\/index.php?rest_route=\/wp\/v2\/posts\/79188","targetHints":{"allow":["GET"]}}],"collection":[{"href":"https:\/\/diarioregionaldigital.com.br\/index.php?rest_route=\/wp\/v2\/posts"}],"about":[{"href":"https:\/\/diarioregionaldigital.com.br\/index.php?rest_route=\/wp\/v2\/types\/post"}],"author":[{"embeddable":true,"href":"https:\/\/diarioregionaldigital.com.br\/index.php?rest_route=\/wp\/v2\/users\/96"}],"replies":[{"embeddable":true,"href":"https:\/\/diarioregionaldigital.com.br\/index.php?rest_route=%2Fwp%2Fv2%2Fcomments&post=79188"}],"version-history":[{"count":0,"href":"https:\/\/diarioregionaldigital.com.br\/index.php?rest_route=\/wp\/v2\/posts\/79188\/revisions"}],"wp:featuredmedia":[{"embeddable":true,"href":"https:\/\/diarioregionaldigital.com.br\/index.php?rest_route=\/wp\/v2\/media\/79187"}],"wp:attachment":[{"href":"https:\/\/diarioregionaldigital.com.br\/index.php?rest_route=%2Fwp%2Fv2%2Fmedia&parent=79188"}],"wp:term":[{"taxonomy":"category","embeddable":true,"href":"https:\/\/diarioregionaldigital.com.br\/index.php?rest_route=%2Fwp%2Fv2%2Fcategories&post=79188"},{"taxonomy":"post_tag","embeddable":true,"href":"https:\/\/diarioregionaldigital.com.br\/index.php?rest_route=%2Fwp%2Fv2%2Ftags&post=79188"}],"curies":[{"name":"wp","href":"https:\/\/api.w.org\/{rel}","templated":true}]}}