{"id":79182,"date":"2017-08-15T20:20:06","date_gmt":"2017-08-15T23:20:06","guid":{"rendered":"http:\/\/diarioregionaljf.com.br\/2017\/08\/15\/vendas-no-varejo-crescem-pelo-terceiro-mes-seguido\/"},"modified":"2017-08-15T20:20:06","modified_gmt":"2017-08-15T23:20:06","slug":"vendas-no-varejo-crescem-pelo-terceiro-mes-seguido","status":"publish","type":"post","link":"https:\/\/diarioregionaldigital.com.br\/?p=79182","title":{"rendered":"Vendas no varejo crescem pelo terceiro m\u00eas seguido"},"content":{"rendered":"<p>Pelo terceiro m\u00eas consecutivo, as vendas do com\u00e9rcio registraram resultados positivos. Em junho, o setor apresentou alta de 1,2% frente a maio, os dados s\u00e3o do Instituto Brasileiro de Geografia e Estat\u00edstica (IBGE).<\/p>\n<p>O desempenho do m\u00eas foi fortemente influenciado pela libera\u00e7\u00e3o das contas inativas do Fundo de Garantia do Tempo de Servi\u00e7o (FGTS), pela queda da infla\u00e7\u00e3o e pelo recuo das taxas de juros. Medidas adotadas pelo governo para reorganizar a economia tamb\u00e9m impulsionaram o desempenho do per\u00edodo.<\/p>\n<p>No varejo classificado como ampliado, que inclu\u00ed os ramos de ve\u00edculos e pe\u00e7as e de materiais de constru\u00e7\u00e3o, o avan\u00e7o foi de 4,4% na compara\u00e7\u00e3o com junho do ano passado, o melhor resultado para o m\u00eas desde 2012, quando as vendas haviam crescido 12,5%.<\/p>\n<p>Segundo o IBGE, os principais destaques positivos foram os setores de m\u00f3veis e eletrodom\u00e9sticos (2,2%); tecidos, vestu\u00e1rio e cal\u00e7ados (5,4%); outros artigos de uso pessoal e dom\u00e9stico (2,7%). A lista segue com combust\u00edveis e lubrificantes (1,2%); artigos farmac\u00eauticos, m\u00e9dicos, ortop\u00e9dicos, de perfumaria e cosm\u00e9ticos (1,5%); e livros, jornais, revistas e papelaria (4,5%).<\/p>\n<h4>AUMENTO DAS VENDAS<\/h4>\n<p>Os n\u00fameros do IBGE mostram ainda que o crescimento das vendas foi disseminado pelo Pa\u00eds. De 27 unidades da federa\u00e7\u00e3o, 21 ficaram no positivo em junho. O destaque do m\u00eas foi Roraima, com alta de 4,9%. No segundo lugar desse ranking figura Tocantins, com 3,3%.<\/p>\n","protected":false},"excerpt":{"rendered":"<p>Pelo terceiro m\u00eas consecutivo, as vendas do com\u00e9rcio registraram resultados positivos. Em junho, o setor apresentou alta de 1,2% frente a maio, os dados s\u00e3o do Instituto Brasileiro de Geografia e Estat\u00edstica (IBGE). O desempenho do m\u00eas foi fortemente influenciado pela libera\u00e7\u00e3o das contas inativas do Fundo de Garantia do Tempo de Servi\u00e7o (FGTS), pela [&hellip;]<\/p>\n","protected":false},"author":96,"featured_media":79181,"comment_status":"closed","ping_status":"closed","sticky":false,"template":"","format":"standard","meta":{"footnotes":""},"categories":[261],"tags":[],"class_list":["post-79182","post","type-post","status-publish","format-standard","has-post-thumbnail","hentry","category-economia"],"_links":{"self":[{"href":"https:\/\/diarioregionaldigital.com.br\/index.php?rest_route=\/wp\/v2\/posts\/79182","targetHints":{"allow":["GET"]}}],"collection":[{"href":"https:\/\/diarioregionaldigital.com.br\/index.php?rest_route=\/wp\/v2\/posts"}],"about":[{"href":"https:\/\/diarioregionaldigital.com.br\/index.php?rest_route=\/wp\/v2\/types\/post"}],"author":[{"embeddable":true,"href":"https:\/\/diarioregionaldigital.com.br\/index.php?rest_route=\/wp\/v2\/users\/96"}],"replies":[{"embeddable":true,"href":"https:\/\/diarioregionaldigital.com.br\/index.php?rest_route=%2Fwp%2Fv2%2Fcomments&post=79182"}],"version-history":[{"count":0,"href":"https:\/\/diarioregionaldigital.com.br\/index.php?rest_route=\/wp\/v2\/posts\/79182\/revisions"}],"wp:featuredmedia":[{"embeddable":true,"href":"https:\/\/diarioregionaldigital.com.br\/index.php?rest_route=\/wp\/v2\/media\/79181"}],"wp:attachment":[{"href":"https:\/\/diarioregionaldigital.com.br\/index.php?rest_route=%2Fwp%2Fv2%2Fmedia&parent=79182"}],"wp:term":[{"taxonomy":"category","embeddable":true,"href":"https:\/\/diarioregionaldigital.com.br\/index.php?rest_route=%2Fwp%2Fv2%2Fcategories&post=79182"},{"taxonomy":"post_tag","embeddable":true,"href":"https:\/\/diarioregionaldigital.com.br\/index.php?rest_route=%2Fwp%2Fv2%2Ftags&post=79182"}],"curies":[{"name":"wp","href":"https:\/\/api.w.org\/{rel}","templated":true}]}}