{"id":79180,"date":"2017-08-15T20:18:22","date_gmt":"2017-08-15T23:18:22","guid":{"rendered":"http:\/\/diarioregionaljf.com.br\/2017\/08\/15\/fundacao-getulio-vargas-divulga-crescimento-nas-exportacoes\/"},"modified":"2017-08-15T20:18:22","modified_gmt":"2017-08-15T23:18:22","slug":"fundacao-getulio-vargas-divulga-crescimento-nas-exportacoes","status":"publish","type":"post","link":"https:\/\/diarioregionaldigital.com.br\/?p=79180","title":{"rendered":"Funda\u00e7\u00e3o Getulio Vargas divulga crescimento nas exporta\u00e7\u00f5es"},"content":{"rendered":"<p>O volume de exporta\u00e7\u00f5es brasileiras aumentou 12,5% entre julho de 2016 e julho deste ano, segundo dados dos Indicadores de Com\u00e9rcio Exterior, divulgados nessa ter\u00e7a-feira, 15, no Rio de Janeiro, pela Funda\u00e7\u00e3o Getulio Vargas (FGV). Em junho, a alta havia sido de 15,6%. No entanto, os pre\u00e7os dos produtos exportados s\u00f3 cresceram 0,7% no per\u00edodo.<\/p>\n<p>O volume das commodities (mercadorias com pre\u00e7os fixados em d\u00f3lar) teve expans\u00e3o de 19,6%, enquanto as n\u00e3o commodities acusaram uma alta de apenas 5,7%. Entre as atividades econ\u00f4micas, o principal destaque ficou com a ind\u00fastria extrativa, com crescimento de 49,7% no volume exportado.<br \/>O setor agropecu\u00e1rio exportou 26% a mais em volume no per\u00edodo. J\u00e1 a ind\u00fastria da transforma\u00e7\u00e3o teve a alta mais modesta entre os tr\u00eas setores: 3,1%.<\/p>\n<p>J\u00e1 entre as categorias de uso, os bens de consumo dur\u00e1veis tiveram aumento de 52,5% e os bens intermedi\u00e1rios (insumos para o setor produtivo) de 5,3%. Os bens de consumo semidur\u00e1veis tiveram uma varia\u00e7\u00e3o quase nula (0,1%), enquanto os bens de consumo n\u00e3o dur\u00e1veis ficaram est\u00e1veis. J\u00e1 os bens de capital (m\u00e1quinas e equipamentos) registraram queda de 7%.<\/p>\n<h4>IMPORTA\u00c7\u00d5ES<\/h4>\n<p>O volume das importa\u00e7\u00f5es cresceu 10,8%, enquanto os pre\u00e7os ca\u00edram 1,5%. Em rela\u00e7\u00e3o ao volume das atividades econ\u00f4micas, a ind\u00fastria extrativa importou 40,6% mais, seguida pela ind\u00fastria da transforma\u00e7\u00e3o (0,5%). J\u00e1 a agropecu\u00e1ria teve uma queda de 24,8%.<\/p>\n<p>Entre as categorias de uso, a importa\u00e7\u00e3o de bens de consumo semidur\u00e1veis foi a que mais se destacou, com alta de 34,9%. Os bens intermedi\u00e1rios anotaram um aumento de 10,2%, enquanto os bens de consumo dur\u00e1veis variaram 0,5%. Por outro lado, ca\u00edram as importa\u00e7\u00f5es de bens de consumo n\u00e3o dur\u00e1veis (-9,4%) e de bens de capital (-31,1%).<\/p>\n<p>Fonte: Ag\u00eancia Brasil<\/p>\n","protected":false},"excerpt":{"rendered":"<p>O volume de exporta\u00e7\u00f5es brasileiras aumentou 12,5% entre julho de 2016 e julho deste ano, segundo dados dos Indicadores de Com\u00e9rcio Exterior, divulgados nessa ter\u00e7a-feira, 15, no Rio de Janeiro, pela Funda\u00e7\u00e3o Getulio Vargas (FGV). Em junho, a alta havia sido de 15,6%. No entanto, os pre\u00e7os dos produtos exportados s\u00f3 cresceram 0,7% no per\u00edodo. [&hellip;]<\/p>\n","protected":false},"author":96,"featured_media":79179,"comment_status":"closed","ping_status":"closed","sticky":false,"template":"","format":"standard","meta":{"footnotes":""},"categories":[261],"tags":[],"class_list":["post-79180","post","type-post","status-publish","format-standard","has-post-thumbnail","hentry","category-economia"],"_links":{"self":[{"href":"https:\/\/diarioregionaldigital.com.br\/index.php?rest_route=\/wp\/v2\/posts\/79180","targetHints":{"allow":["GET"]}}],"collection":[{"href":"https:\/\/diarioregionaldigital.com.br\/index.php?rest_route=\/wp\/v2\/posts"}],"about":[{"href":"https:\/\/diarioregionaldigital.com.br\/index.php?rest_route=\/wp\/v2\/types\/post"}],"author":[{"embeddable":true,"href":"https:\/\/diarioregionaldigital.com.br\/index.php?rest_route=\/wp\/v2\/users\/96"}],"replies":[{"embeddable":true,"href":"https:\/\/diarioregionaldigital.com.br\/index.php?rest_route=%2Fwp%2Fv2%2Fcomments&post=79180"}],"version-history":[{"count":0,"href":"https:\/\/diarioregionaldigital.com.br\/index.php?rest_route=\/wp\/v2\/posts\/79180\/revisions"}],"wp:featuredmedia":[{"embeddable":true,"href":"https:\/\/diarioregionaldigital.com.br\/index.php?rest_route=\/wp\/v2\/media\/79179"}],"wp:attachment":[{"href":"https:\/\/diarioregionaldigital.com.br\/index.php?rest_route=%2Fwp%2Fv2%2Fmedia&parent=79180"}],"wp:term":[{"taxonomy":"category","embeddable":true,"href":"https:\/\/diarioregionaldigital.com.br\/index.php?rest_route=%2Fwp%2Fv2%2Fcategories&post=79180"},{"taxonomy":"post_tag","embeddable":true,"href":"https:\/\/diarioregionaldigital.com.br\/index.php?rest_route=%2Fwp%2Fv2%2Ftags&post=79180"}],"curies":[{"name":"wp","href":"https:\/\/api.w.org\/{rel}","templated":true}]}}