{"id":79178,"date":"2017-08-15T20:09:03","date_gmt":"2017-08-15T23:09:03","guid":{"rendered":"http:\/\/diarioregionaljf.com.br\/2017\/08\/15\/ex-estudante-do-ces-jf-confecciona-pecas-para-candidata-ao-miss-brasil-mundo\/"},"modified":"2017-08-15T20:09:03","modified_gmt":"2017-08-15T23:09:03","slug":"ex-estudante-do-ces-jf-confecciona-pecas-para-candidata-ao-miss-brasil-mundo","status":"publish","type":"post","link":"https:\/\/diarioregionaldigital.com.br\/?p=79178","title":{"rendered":"Ex-estudante do CES\/JF confecciona pe\u00e7as para candidata ao Miss Brasil Mundo"},"content":{"rendered":"<p>Mariana Ferreira, formada no curso de Tecnologia em Design de Moda do Centro de Ensino Superior de Juiz de Fora (CES\/JF), criou pe\u00e7as exclusivas para a aluna do curso de Marketing, Julia Horta, atual Miss Zona da Mata Mineira, para o concurso Miss Brasil Mundo, disputado nesse final de semana em Angra dos Reis, litoral fluminense.<\/p>\n<p>Entre as pe\u00e7as criadas, para a prova de talentos, foi feito um macac\u00e3o com a maioria dos detalhes feitos \u00e0 m\u00e3o, para trazer maior expressividade \u00e0 pe\u00e7a. J\u00e1 para um ensaio fotogr\u00e1fico feito especialmente para o concurso, Julia usou um look tem\u00e1tico inspirado na \u00edndia Jaci, do poema Lua Nova de Machado de Assis, desenvolvido todo a m\u00e3o.<\/p>\n<p>No concurso, J\u00falia foi eleita 1\u00aa Princesa, ao conquistar a terceira coloca\u00e7\u00e3o.<\/p>\n<p>Fonte: Assessoria<\/p>\n","protected":false},"excerpt":{"rendered":"<p>Mariana Ferreira, formada no curso de Tecnologia em Design de Moda do Centro de Ensino Superior de Juiz de Fora (CES\/JF), criou pe\u00e7as exclusivas para a aluna do curso de Marketing, Julia Horta, atual Miss Zona da Mata Mineira, para o concurso Miss Brasil Mundo, disputado nesse final de semana em Angra dos Reis, litoral [&hellip;]<\/p>\n","protected":false},"author":96,"featured_media":79177,"comment_status":"closed","ping_status":"closed","sticky":false,"template":"","format":"standard","meta":{"footnotes":""},"categories":[253],"tags":[],"class_list":["post-79178","post","type-post","status-publish","format-standard","has-post-thumbnail","hentry","category-cidade"],"_links":{"self":[{"href":"https:\/\/diarioregionaldigital.com.br\/index.php?rest_route=\/wp\/v2\/posts\/79178","targetHints":{"allow":["GET"]}}],"collection":[{"href":"https:\/\/diarioregionaldigital.com.br\/index.php?rest_route=\/wp\/v2\/posts"}],"about":[{"href":"https:\/\/diarioregionaldigital.com.br\/index.php?rest_route=\/wp\/v2\/types\/post"}],"author":[{"embeddable":true,"href":"https:\/\/diarioregionaldigital.com.br\/index.php?rest_route=\/wp\/v2\/users\/96"}],"replies":[{"embeddable":true,"href":"https:\/\/diarioregionaldigital.com.br\/index.php?rest_route=%2Fwp%2Fv2%2Fcomments&post=79178"}],"version-history":[{"count":0,"href":"https:\/\/diarioregionaldigital.com.br\/index.php?rest_route=\/wp\/v2\/posts\/79178\/revisions"}],"wp:featuredmedia":[{"embeddable":true,"href":"https:\/\/diarioregionaldigital.com.br\/index.php?rest_route=\/wp\/v2\/media\/79177"}],"wp:attachment":[{"href":"https:\/\/diarioregionaldigital.com.br\/index.php?rest_route=%2Fwp%2Fv2%2Fmedia&parent=79178"}],"wp:term":[{"taxonomy":"category","embeddable":true,"href":"https:\/\/diarioregionaldigital.com.br\/index.php?rest_route=%2Fwp%2Fv2%2Fcategories&post=79178"},{"taxonomy":"post_tag","embeddable":true,"href":"https:\/\/diarioregionaldigital.com.br\/index.php?rest_route=%2Fwp%2Fv2%2Ftags&post=79178"}],"curies":[{"name":"wp","href":"https:\/\/api.w.org\/{rel}","templated":true}]}}