{"id":79176,"date":"2017-08-15T19:55:48","date_gmt":"2017-08-15T22:55:48","guid":{"rendered":"http:\/\/diarioregionaljf.com.br\/2017\/08\/15\/explosao-em-usina-da-gerdau-em-ouro-branco-deixa-pelos-menos-2-mortos\/"},"modified":"2017-08-15T19:55:48","modified_gmt":"2017-08-15T22:55:48","slug":"explosao-em-usina-da-gerdau-em-ouro-branco-deixa-pelos-menos-2-mortos","status":"publish","type":"post","link":"https:\/\/diarioregionaldigital.com.br\/?p=79176","title":{"rendered":"Explos\u00e3o em usina da Gerdau em Ouro Branco deixa pelos menos 2 mortos"},"content":{"rendered":"<p>Uma explos\u00e3o em uma usina da Gerdau, em Ouro Branco, na regi\u00e3o Central do Estado, deixou ao menos dois mortos na manh\u00e3 dessa ter\u00e7a-feira, 15. Em nota, a empresa confirmou o ocorrido e informou que est\u00e1 prestando assist\u00eancia \u00e0s fam\u00edlias das v\u00edtimas.<\/p>\n<p>O Sindicato dos Metal\u00fargicos de Ouro Branco, que est\u00e1 acompanhando o ocorrido, informou que dois outros funcion\u00e1rios est\u00e3o em estado grave em Unidade de Terapia Intensiva (UTI) e outras oito pessoas ficaram feridas e seguem internadas no Hospital Funda\u00e7\u00e3o Ouro Branco. A explos\u00e3o aconteceu na coqueria 2 da Gerdau Ouro Branco.<\/p>\n<p>Na unidade Ouro Branco da empresa, h\u00e1 pelo menos tr\u00eas mil funcion\u00e1rios. Um dos mortos era um trabalhador terceirizado e o outro contratado pela Gerdau. Eles ainda n\u00e3o foram identificados. Ainda conforme o sindicato, o fato de os funcion\u00e1rios n\u00e3o poderem circular dentro do local com celulares pode ter dificultado o pedido de ajuda.<\/p>\n<p>Um ex-funcion\u00e1rio da empresa procurou a reportagem para falar sobre a falta de seguran\u00e7a no local, o que motivou a sua sa\u00edda. &#8220;Trabalhei por dois anos l\u00e1 como soldador, mas sa\u00ed porque sou pai de fam\u00edlia e n\u00e3o estava sentindo seguran\u00e7a. \u00c9 muito g\u00e1s passando pelas coqueiras, muito perigoso&#8221;, relata.<\/p>\n<p>Um acidente semelhante no mesmo local ocorrido em novembro do ano passado matou tr\u00eas funcion\u00e1rios. Neste caso, a explos\u00e3o aconteceu durante a manuten\u00e7\u00e3o de uma torre de g\u00e1s. M\u00e3e e tia de duas v\u00edtimas, Celsina Prado, conta que ver o acidente dessa ter\u00e7a-feira \u00e9 como viver tudo o que aconteceu novamente no dia 14 de novembro do ano passado.<\/p>\n<p>&#8220;Cada acidente parece que revivemos tudo novamente, estou muito triste at\u00e9 hoje, o tempo parou e choro todos os dias pelo meu filho Allan Roger e meu sobrinho Douglas Eduardo. \u00c9 uma dor sem fim e sinto muito em saber que mais fam\u00edlias est\u00e3o sofrendo pela falta de seguran\u00e7a nesta \u00e1rea&#8221;, lamenta.<\/p>\n<p>Al\u00e9m de Allan Roger Prado, 23, e Douglas Eduardo Neto, 24, tamb\u00e9m morreu Cezar Miguel, 51, na ocasi\u00e3o. Celsina ainda conta que tem um cunhado que trabalha na Gerdau Ouro Branco e que ainda est\u00e1 apreensiva sem saber a identifica\u00e7\u00e3o dos mortos e feridos, uma vez que o cunhado n\u00e3o deu not\u00edcias.<\/p>\n<h4>VEJA A NOTA ENVIADA PELA GERDAU NA \u00cdNTEGRA:<\/h4>\n<p>&#8220;A Gerdau confirma, com muito pesar, que ocorreu na manh\u00e3 de hoje (15\/08) um acidente com duas v\u00edtimas fatais na sua usina em Ouro Branco. A Empresa est\u00e1 prestando assist\u00eancia \u00e0s fam\u00edlias das v\u00edtimas e trabalhando para detectar as causas do acidente. Mais informa\u00e7\u00f5es ser\u00e3o disponibilizadas no decorrer do dia&#8221;.<\/p>\n<p>Fonte: Jornal &#8211; O Tempo<\/p>\n","protected":false},"excerpt":{"rendered":"<p>Uma explos\u00e3o em uma usina da Gerdau, em Ouro Branco, na regi\u00e3o Central do Estado, deixou ao menos dois mortos na manh\u00e3 dessa ter\u00e7a-feira, 15. Em nota, a empresa confirmou o ocorrido e informou que est\u00e1 prestando assist\u00eancia \u00e0s fam\u00edlias das v\u00edtimas. O Sindicato dos Metal\u00fargicos de Ouro Branco, que est\u00e1 acompanhando o ocorrido, informou [&hellip;]<\/p>\n","protected":false},"author":96,"featured_media":79175,"comment_status":"closed","ping_status":"closed","sticky":false,"template":"","format":"standard","meta":{"footnotes":""},"categories":[252],"tags":[],"class_list":["post-79176","post","type-post","status-publish","format-standard","has-post-thumbnail","hentry","category-regiao"],"_links":{"self":[{"href":"https:\/\/diarioregionaldigital.com.br\/index.php?rest_route=\/wp\/v2\/posts\/79176","targetHints":{"allow":["GET"]}}],"collection":[{"href":"https:\/\/diarioregionaldigital.com.br\/index.php?rest_route=\/wp\/v2\/posts"}],"about":[{"href":"https:\/\/diarioregionaldigital.com.br\/index.php?rest_route=\/wp\/v2\/types\/post"}],"author":[{"embeddable":true,"href":"https:\/\/diarioregionaldigital.com.br\/index.php?rest_route=\/wp\/v2\/users\/96"}],"replies":[{"embeddable":true,"href":"https:\/\/diarioregionaldigital.com.br\/index.php?rest_route=%2Fwp%2Fv2%2Fcomments&post=79176"}],"version-history":[{"count":0,"href":"https:\/\/diarioregionaldigital.com.br\/index.php?rest_route=\/wp\/v2\/posts\/79176\/revisions"}],"wp:featuredmedia":[{"embeddable":true,"href":"https:\/\/diarioregionaldigital.com.br\/index.php?rest_route=\/wp\/v2\/media\/79175"}],"wp:attachment":[{"href":"https:\/\/diarioregionaldigital.com.br\/index.php?rest_route=%2Fwp%2Fv2%2Fmedia&parent=79176"}],"wp:term":[{"taxonomy":"category","embeddable":true,"href":"https:\/\/diarioregionaldigital.com.br\/index.php?rest_route=%2Fwp%2Fv2%2Fcategories&post=79176"},{"taxonomy":"post_tag","embeddable":true,"href":"https:\/\/diarioregionaldigital.com.br\/index.php?rest_route=%2Fwp%2Fv2%2Ftags&post=79176"}],"curies":[{"name":"wp","href":"https:\/\/api.w.org\/{rel}","templated":true}]}}