{"id":79172,"date":"2017-08-15T19:24:03","date_gmt":"2017-08-15T22:24:03","guid":{"rendered":"http:\/\/diarioregionaljf.com.br\/2017\/08\/15\/reino-unido-pretende-manter-uniao-aduaneira-temporal-com-a-ue\/"},"modified":"2017-08-15T19:24:03","modified_gmt":"2017-08-15T22:24:03","slug":"reino-unido-pretende-manter-uniao-aduaneira-temporal-com-a-ue","status":"publish","type":"post","link":"https:\/\/diarioregionaldigital.com.br\/?p=79172","title":{"rendered":"Reino Unido pretende manter uni\u00e3o aduaneira temporal com a UE"},"content":{"rendered":"<p>O governo brit\u00e2nico anunciou nessa ter\u00e7a-feira, 15, que o Reino Unido pretende manter uma &#8220;uni\u00e3o aduaneira temporal&#8221; com a Uni\u00e3o Europea ap\u00f3s o Brexit, para promover uma transi\u00e7\u00e3o suave na troca de bens entre as partes.<\/p>\n<p>O an\u00fancio antecipa o conte\u00fado de um relat\u00f3rio detalhado elaborado pelo Minist\u00e9rio para o Brexit do Reino Unido, que ser\u00e1 publicado em breve e que foi bem recebido pelo empresariado do pa\u00eds.<\/p>\n<p>Assim, de acordo com o jornal The Times de Londres, ganha a disputa interna do governo a posi\u00e7\u00e3o do ministro das Finan\u00e7as, Philip Hammond, contra aqueles que defendiam uma ruptura absoluta, conhecida como &#8220;Brexit duro&#8221;.<\/p>\n<p>Fonte: Ag\u00eancia Brasil<\/p>\n","protected":false},"excerpt":{"rendered":"<p>O governo brit\u00e2nico anunciou nessa ter\u00e7a-feira, 15, que o Reino Unido pretende manter uma &#8220;uni\u00e3o aduaneira temporal&#8221; com a Uni\u00e3o Europea ap\u00f3s o Brexit, para promover uma transi\u00e7\u00e3o suave na troca de bens entre as partes. O an\u00fancio antecipa o conte\u00fado de um relat\u00f3rio detalhado elaborado pelo Minist\u00e9rio para o Brexit do Reino Unido, que [&hellip;]<\/p>\n","protected":false},"author":96,"featured_media":79171,"comment_status":"closed","ping_status":"closed","sticky":false,"template":"","format":"standard","meta":{"footnotes":""},"categories":[254],"tags":[],"class_list":["post-79172","post","type-post","status-publish","format-standard","has-post-thumbnail","hentry","category-politica"],"_links":{"self":[{"href":"https:\/\/diarioregionaldigital.com.br\/index.php?rest_route=\/wp\/v2\/posts\/79172","targetHints":{"allow":["GET"]}}],"collection":[{"href":"https:\/\/diarioregionaldigital.com.br\/index.php?rest_route=\/wp\/v2\/posts"}],"about":[{"href":"https:\/\/diarioregionaldigital.com.br\/index.php?rest_route=\/wp\/v2\/types\/post"}],"author":[{"embeddable":true,"href":"https:\/\/diarioregionaldigital.com.br\/index.php?rest_route=\/wp\/v2\/users\/96"}],"replies":[{"embeddable":true,"href":"https:\/\/diarioregionaldigital.com.br\/index.php?rest_route=%2Fwp%2Fv2%2Fcomments&post=79172"}],"version-history":[{"count":0,"href":"https:\/\/diarioregionaldigital.com.br\/index.php?rest_route=\/wp\/v2\/posts\/79172\/revisions"}],"wp:featuredmedia":[{"embeddable":true,"href":"https:\/\/diarioregionaldigital.com.br\/index.php?rest_route=\/wp\/v2\/media\/79171"}],"wp:attachment":[{"href":"https:\/\/diarioregionaldigital.com.br\/index.php?rest_route=%2Fwp%2Fv2%2Fmedia&parent=79172"}],"wp:term":[{"taxonomy":"category","embeddable":true,"href":"https:\/\/diarioregionaldigital.com.br\/index.php?rest_route=%2Fwp%2Fv2%2Fcategories&post=79172"},{"taxonomy":"post_tag","embeddable":true,"href":"https:\/\/diarioregionaldigital.com.br\/index.php?rest_route=%2Fwp%2Fv2%2Ftags&post=79172"}],"curies":[{"name":"wp","href":"https:\/\/api.w.org\/{rel}","templated":true}]}}