{"id":79166,"date":"2017-08-15T18:54:34","date_gmt":"2017-08-15T21:54:34","guid":{"rendered":"http:\/\/diarioregionaljf.com.br\/2017\/08\/15\/moradores-da-vila-olavo-costa-reclamam-de-super-lotacao-da-ubs-do-bairro\/"},"modified":"2017-08-15T18:54:34","modified_gmt":"2017-08-15T21:54:34","slug":"moradores-da-vila-olavo-costa-reclamam-de-super-lotacao-da-ubs-do-bairro","status":"publish","type":"post","link":"https:\/\/diarioregionaldigital.com.br\/?p=79166","title":{"rendered":"Moradores da Vila Olavo Costa reclamam de super lota\u00e7\u00e3o da UBS do bairro"},"content":{"rendered":"<p>Segundo informa\u00e7\u00f5es do presidente da Associa\u00e7\u00e3o de Moradores do bairro Vila Olavo Costa, Jos\u00e9 Roberto de Almeida, mais conhecido como Jos\u00e9 Carreteiro, a Unidade B\u00e1sica de Sa\u00fade (UBS) do bairro est\u00e1 com muitos atendimentos acumulados devido \u00e0 falta de conclus\u00e3o de obras na UBS do bairro Furtado de Menezes. \u201cOs moradores dos bairros da redondeza tem buscado pela UBS do bairro Olavo Costa e isso tem tumultuado o atendimento. \u00c0s vezes faltam m\u00e9dicos no local\u201d, afirma Almeida. O morador informou ainda que o fato foi comunicado a Secretaria de Sa\u00fade (SS), mas a Associa\u00e7\u00e3o n\u00e3o obteve resposta.<\/p>\n<p>A Secretaria de Sa\u00fade esclareceu, por meio de nota, que a solu\u00e7\u00e3o mais vi\u00e1vel para o momento foi direcionar os atendimentos da UBS de Furtado de Menezes para a UBS de Vila Olavo Costa, at\u00e9 a conclus\u00e3o das obras. A assessoria informou ainda que a equipe que atua na UBS de Furtado tamb\u00e9m est\u00e1 atuando na UBS de Olavo Costa, com o intuito de agilizar os atendimentos. \u201cEntendemos que a situa\u00e7\u00e3o n\u00e3o \u00e9 a ideal, mas trata-se de algo tempor\u00e1rio, para que ao final das obras a comunidade de Furtado tenha uma UBS nova e com estrutura adequada\u201d, completou a assessoria.<\/p>\n","protected":false},"excerpt":{"rendered":"<p>Segundo informa\u00e7\u00f5es do presidente da Associa\u00e7\u00e3o de Moradores do bairro Vila Olavo Costa, Jos\u00e9 Roberto de Almeida, mais conhecido como Jos\u00e9 Carreteiro, a Unidade B\u00e1sica de Sa\u00fade (UBS) do bairro est\u00e1 com muitos atendimentos acumulados devido \u00e0 falta de conclus\u00e3o de obras na UBS do bairro Furtado de Menezes. \u201cOs moradores dos bairros da redondeza [&hellip;]<\/p>\n","protected":false},"author":96,"featured_media":0,"comment_status":"closed","ping_status":"closed","sticky":false,"template":"","format":"standard","meta":{"footnotes":""},"categories":[253],"tags":[],"class_list":["post-79166","post","type-post","status-publish","format-standard","hentry","category-cidade"],"_links":{"self":[{"href":"https:\/\/diarioregionaldigital.com.br\/index.php?rest_route=\/wp\/v2\/posts\/79166","targetHints":{"allow":["GET"]}}],"collection":[{"href":"https:\/\/diarioregionaldigital.com.br\/index.php?rest_route=\/wp\/v2\/posts"}],"about":[{"href":"https:\/\/diarioregionaldigital.com.br\/index.php?rest_route=\/wp\/v2\/types\/post"}],"author":[{"embeddable":true,"href":"https:\/\/diarioregionaldigital.com.br\/index.php?rest_route=\/wp\/v2\/users\/96"}],"replies":[{"embeddable":true,"href":"https:\/\/diarioregionaldigital.com.br\/index.php?rest_route=%2Fwp%2Fv2%2Fcomments&post=79166"}],"version-history":[{"count":0,"href":"https:\/\/diarioregionaldigital.com.br\/index.php?rest_route=\/wp\/v2\/posts\/79166\/revisions"}],"wp:attachment":[{"href":"https:\/\/diarioregionaldigital.com.br\/index.php?rest_route=%2Fwp%2Fv2%2Fmedia&parent=79166"}],"wp:term":[{"taxonomy":"category","embeddable":true,"href":"https:\/\/diarioregionaldigital.com.br\/index.php?rest_route=%2Fwp%2Fv2%2Fcategories&post=79166"},{"taxonomy":"post_tag","embeddable":true,"href":"https:\/\/diarioregionaldigital.com.br\/index.php?rest_route=%2Fwp%2Fv2%2Ftags&post=79166"}],"curies":[{"name":"wp","href":"https:\/\/api.w.org\/{rel}","templated":true}]}}