{"id":79120,"date":"2017-08-14T22:28:49","date_gmt":"2017-08-15T01:28:49","guid":{"rendered":"http:\/\/diarioregionaljf.com.br\/2017\/08\/14\/o-caminho-mais-curto-para-encontrar-a-felicidade\/"},"modified":"2018-04-16T08:09:56","modified_gmt":"2018-04-16T11:09:56","slug":"o-caminho-mais-curto-para-encontrar-a-felicidade","status":"publish","type":"post","link":"https:\/\/diarioregionaldigital.com.br\/?p=79120","title":{"rendered":"O Caminho Mais Curto Para Encontrar A Felicidade"},"content":{"rendered":"<p style=\"text-align: center;\">Se voc\u00ea pretende ser saud\u00e1vel, evite pensar em doen\u00e7as, pense ainda mais em sa\u00fade e grave bem essa id\u00e9ia de sa\u00fade em seu subconsciente. Se deseja ser feliz, n\u00e3o pense em infelicidades; fa\u00e7a o contr\u00e1rio, impregnando seu subconsciente com a id\u00e9ia de felicidade. Al\u00e9m disso, \u00e9 necess\u00e1rio que retribua \u00e0 gra\u00e7a de ser saud\u00e1vel e feliz, dedicando-se, na medida do poss\u00edvel, \u00e0 pr\u00e1tica de atos de bondade. N\u00e3o existe nada que proporcione maior alegria de viver e maior felicidade, do que os bons atos que praticamos ao pr\u00f3ximo. Agindo assim, sua sa\u00fade aumentar\u00e1 ainda mais, e haver\u00e1 melhora no seu pr\u00f3prio destino.<\/p>\n<p style=\"text-align: center;\"><span class=\"h4\">Quando for assaltado pelo temor<\/span><br \/>Quando obtiver efetivamente a paz de esp\u00edrito, a doen\u00e7a deixar\u00e1 de existir. A paz de esp\u00edrito desperta a for\u00e7a vital. Se estiver doente e houver momentos em que se sinta assaltado pelo temor de que seu estado se agrave, \u00e9 aconseIh\u00e1vel que leia repetidas e repetidas vezes os trechos da sutra sagrada em que est\u00e3o contidas as palavras en\u00e9rgicas da Verdade.<br \/>A sutra sagrada Continua Chuva de N\u00e9ctar da Verdade \u00e9 a mais indicada para isso. A palavra cont\u00e9m uma for\u00e7a misteriosa que \u00e9 capaz de materializar aquilo que for forrnulado. A palavra \u00e9 Deus. Ele criou todas as coisas por meio dela. Conseq\u00fcentemente o homem, por ser filho de Deus e por alojar a Vida dentro de si, tamb\u00e9m \u00e9 capaz de criar atrav\u00e9s da palavra. As boas palavras possuem a for\u00e7a de mover a mente, despertar a vida, e realizar a perfei\u00e7\u00e3o do mundo da Realidade.<\/p>\n<p style=\"text-align: center;\"><span class=\"h4\">Na hora da dificuldade devemos manter a mente iluminada<\/span><br \/>A mente pac\u00edfica e iluminada caracteriza a Imagem Verdadeira do homem. Quando se procura, em primeiro lugar, afinar a mente de acordo com a Imagem Verdadeira, tamb\u00e9m o corpo humano se apresentar\u00e1 saud\u00e1vel. Por essa raz\u00e3o, ainda que voc\u00ea pare\u00e7a estar doente, n\u00e3o deve perder a paz nem a mente iluminada. Quaisquer que sejam os sofrimentos e dificuldades, dever\u00e1 defront\u00e1-los com a mente iluminada, sorrisos e boa disposi\u00e7\u00e3o. Observe se sua pr\u00f3pria mente est\u00e1 voltada para o lado sombrio ou para o iluminado. Se ela estiver voltada para o lado sombrio, o grau de acidez no seu sangue aumentar\u00e1, a sedimenta\u00e7\u00e3o sang\u00fc\u00ednea tornar-se-\u00e1 acelerada, e a resist\u00eancia \u00e0s doen\u00e7as ser\u00e1 reduzida. Se sua mente se mantiver iluminada, ocorrer\u00e1 o aumento da quantidade alcalina no sangue, a sedimenta\u00e7\u00e3o sang\u00fc\u00ednea ser\u00e1 restaurada, multiplicando-se a resist\u00eancia em rela\u00e7\u00e3o \u00e0 doen\u00e7a. Estas foram as conclus\u00f5es tiradas pelo professor Katase Tan, catedr\u00e1tico da Universidade de Osaka, atrav\u00e9s de experi\u00eancias com coelhos dom\u00e9sticos criados debaixo de um viaduto da estrada-de-ferro e submetidos constantemente a tens\u00e3o e medo, provocados pelos ru \u00eddos estrondosos dos trens.<\/p>\n<p style=\"text-align: center;\"><span class=\"h4\">Agrade\u00e7a \u00e0s coisas habituais<\/span><br \/>Existe na seita Zen um prov\u00e9rbio que diz: &#8220;Cada dia \u00e9 um bom dia&#8221;, e um outro assim: &#8220;O Caminho est\u00e1 no esp\u00edrito habitual do cotidiano&#8221;. N\u00e3o \u00e9 correto voc\u00ea deixar de sentir alegria se n\u00e3o ocorrer algo de especial ou de diferente em sua vida. I\u00f4 importante fazer com que sua mente manifeste sentimento de gratid\u00e3o pelas coisas habituais do dia-a-dia, reconhecendo nelas as gra\u00e7as e benef\u00edcios. Quando as enumeramos: o ar, os raios de sol, a \u00e1gua, uma simples refei\u00e7\u00e3o, um pequeno aposento, uma roupa &#8230; , descobrimos que estamos cercados por d\u00e1divas que n\u00e3o foram obtidas por nosso pr\u00f3prio esfor\u00e7o, descobrimos que .estarnos rodea-dos por gra\u00e7as infinitas. Procure lembrar-se o m\u00e1ximo poss\u00edvel dessas infinitas gra\u00e7as e agrade\u00e7a-lhes. Deus nos ensinou:<br \/>&#8220;Somente dentro desse sentimento de gratid\u00e3o \u00e9 que poder\u00e1s ver-Me e receber a Minha salva\u00e7\u00e3o &#8230; &#8220;.<\/p>\n","protected":false},"excerpt":{"rendered":"<p>Se voc\u00ea pretende ser saud\u00e1vel, evite pensar em doen\u00e7as, pense ainda mais em sa\u00fade e grave bem essa id\u00e9ia de sa\u00fade em seu subconsciente. Se deseja ser feliz, n\u00e3o pense em infelicidades; fa\u00e7a o contr\u00e1rio, impregnando seu subconsciente com a id\u00e9ia de felicidade. Al\u00e9m disso, \u00e9 necess\u00e1rio que retribua \u00e0 gra\u00e7a de ser saud\u00e1vel e [&hellip;]<\/p>\n","protected":false},"author":96,"featured_media":0,"comment_status":"closed","ping_status":"closed","sticky":false,"template":"","format":"standard","meta":{"footnotes":""},"categories":[263],"tags":[],"class_list":["post-79120","post","type-post","status-publish","format-standard","hentry","category-jane-aragao"],"_links":{"self":[{"href":"https:\/\/diarioregionaldigital.com.br\/index.php?rest_route=\/wp\/v2\/posts\/79120","targetHints":{"allow":["GET"]}}],"collection":[{"href":"https:\/\/diarioregionaldigital.com.br\/index.php?rest_route=\/wp\/v2\/posts"}],"about":[{"href":"https:\/\/diarioregionaldigital.com.br\/index.php?rest_route=\/wp\/v2\/types\/post"}],"author":[{"embeddable":true,"href":"https:\/\/diarioregionaldigital.com.br\/index.php?rest_route=\/wp\/v2\/users\/96"}],"replies":[{"embeddable":true,"href":"https:\/\/diarioregionaldigital.com.br\/index.php?rest_route=%2Fwp%2Fv2%2Fcomments&post=79120"}],"version-history":[{"count":0,"href":"https:\/\/diarioregionaldigital.com.br\/index.php?rest_route=\/wp\/v2\/posts\/79120\/revisions"}],"wp:attachment":[{"href":"https:\/\/diarioregionaldigital.com.br\/index.php?rest_route=%2Fwp%2Fv2%2Fmedia&parent=79120"}],"wp:term":[{"taxonomy":"category","embeddable":true,"href":"https:\/\/diarioregionaldigital.com.br\/index.php?rest_route=%2Fwp%2Fv2%2Fcategories&post=79120"},{"taxonomy":"post_tag","embeddable":true,"href":"https:\/\/diarioregionaldigital.com.br\/index.php?rest_route=%2Fwp%2Fv2%2Ftags&post=79120"}],"curies":[{"name":"wp","href":"https:\/\/api.w.org\/{rel}","templated":true}]}}