{"id":79119,"date":"2017-08-14T22:25:36","date_gmt":"2017-08-15T01:25:36","guid":{"rendered":"http:\/\/diarioregionaljf.com.br\/2017\/08\/14\/camara-inaugura-nova-fase-do-projeto-de-digitalizacao-da-producao-legislativa\/"},"modified":"2017-08-14T22:25:36","modified_gmt":"2017-08-15T01:25:36","slug":"camara-inaugura-nova-fase-do-projeto-de-digitalizacao-da-producao-legislativa","status":"publish","type":"post","link":"https:\/\/diarioregionaldigital.com.br\/?p=79119","title":{"rendered":"C\u00e2mara inaugura nova fase do projeto de digitaliza\u00e7\u00e3o da produ\u00e7\u00e3o legislativa"},"content":{"rendered":"<p>O programa E-C\u00e2mara, lan\u00e7ado oficialmente em janeiro deste ano, passar\u00e1 pela segunda fase de implementa\u00e7\u00e3o. Com o novo sistema, toda a produ\u00e7\u00e3o do legislativo acontecer\u00e1 de forma virtual. Na bancada dos parlamentares no plen\u00e1rio da C\u00e2mara Municipal j\u00e1 foram afixados os notebooks de cada vereador, onde eles poder\u00e3o acompanhar o andamento das proposi\u00e7\u00f5es de forma online.<\/p>\n<p>Um treinamento foi ministrado na quarta-feira, 9, com os servidores de nove gabinetes de vereadores para a correta operacionaliza\u00e7\u00e3o do novo sistema. Na pr\u00f3xima ter\u00e7a-feira, 15, o presidente da C\u00e2mara, Rodrigo Mattos (PSDB), apresentar\u00e1 aos vereadores esta nova fase do programa. A partir de quinta-feira, 17, todos os procedimentos ser\u00e3o expedidos por meio eletr\u00f4nico, o que j\u00e1 representa 85% de digitaliza\u00e7\u00e3o da produ\u00e7\u00e3o legislativa.<\/p>\n<p>O custo para implanta\u00e7\u00e3o do sistema foi de aproximadamente R$20 mil. Por outro lado, a economia anual est\u00e1 estimada em R$150 mil, garante Mattos. \u201cAt\u00e9 ent\u00e3o, os requerimentos, mo\u00e7\u00f5es, pedidos de informa\u00e7\u00e3o e projetos de lei podiam ser apresentados pelos meios digital e impresso. A partir de agora n\u00e3o ser\u00e1 mais admitida apresenta\u00e7\u00e3o em papel. Al\u00e9m da economia, estamos passando por um grande processo de desburocratiza\u00e7\u00e3o, garantindo assim mais agilidade nas tramita\u00e7\u00f5es\u201d, observa o presidente da Casa.<\/p>\n<p>Mattos diz ainda que uma terceira e \u00faltima etapa de implementa\u00e7\u00e3o do E-C\u00e2mara deve acontecer a m\u00e9dio prazo. \u201cA inten\u00e7\u00e3o, posteriormente, \u00e9 fazer com que os processos deixem, tamb\u00e9m, de ocorrer pelo meio f\u00edsico e sejam digitalizados. H\u00e1 longo prazo pretendemos, ainda, digitalizar todo o acervo da C\u00e2mara. \u00c9 um processo demorado, pois temos arquivadas, por exemplo, atas de reuni\u00f5es desde que a C\u00e2mara foi fundada. Ser\u00e1 um grande passo para a preserva\u00e7\u00e3o da mem\u00f3ria do legislativo\u201d, finaliza.<\/p>\n","protected":false},"excerpt":{"rendered":"<p>O programa E-C\u00e2mara, lan\u00e7ado oficialmente em janeiro deste ano, passar\u00e1 pela segunda fase de implementa\u00e7\u00e3o. Com o novo sistema, toda a produ\u00e7\u00e3o do legislativo acontecer\u00e1 de forma virtual. Na bancada dos parlamentares no plen\u00e1rio da C\u00e2mara Municipal j\u00e1 foram afixados os notebooks de cada vereador, onde eles poder\u00e3o acompanhar o andamento das proposi\u00e7\u00f5es de forma [&hellip;]<\/p>\n","protected":false},"author":96,"featured_media":79118,"comment_status":"closed","ping_status":"closed","sticky":false,"template":"","format":"standard","meta":{"footnotes":""},"categories":[253],"tags":[],"class_list":["post-79119","post","type-post","status-publish","format-standard","has-post-thumbnail","hentry","category-cidade"],"_links":{"self":[{"href":"https:\/\/diarioregionaldigital.com.br\/index.php?rest_route=\/wp\/v2\/posts\/79119","targetHints":{"allow":["GET"]}}],"collection":[{"href":"https:\/\/diarioregionaldigital.com.br\/index.php?rest_route=\/wp\/v2\/posts"}],"about":[{"href":"https:\/\/diarioregionaldigital.com.br\/index.php?rest_route=\/wp\/v2\/types\/post"}],"author":[{"embeddable":true,"href":"https:\/\/diarioregionaldigital.com.br\/index.php?rest_route=\/wp\/v2\/users\/96"}],"replies":[{"embeddable":true,"href":"https:\/\/diarioregionaldigital.com.br\/index.php?rest_route=%2Fwp%2Fv2%2Fcomments&post=79119"}],"version-history":[{"count":0,"href":"https:\/\/diarioregionaldigital.com.br\/index.php?rest_route=\/wp\/v2\/posts\/79119\/revisions"}],"wp:featuredmedia":[{"embeddable":true,"href":"https:\/\/diarioregionaldigital.com.br\/index.php?rest_route=\/wp\/v2\/media\/79118"}],"wp:attachment":[{"href":"https:\/\/diarioregionaldigital.com.br\/index.php?rest_route=%2Fwp%2Fv2%2Fmedia&parent=79119"}],"wp:term":[{"taxonomy":"category","embeddable":true,"href":"https:\/\/diarioregionaldigital.com.br\/index.php?rest_route=%2Fwp%2Fv2%2Fcategories&post=79119"},{"taxonomy":"post_tag","embeddable":true,"href":"https:\/\/diarioregionaldigital.com.br\/index.php?rest_route=%2Fwp%2Fv2%2Ftags&post=79119"}],"curies":[{"name":"wp","href":"https:\/\/api.w.org\/{rel}","templated":true}]}}