{"id":79079,"date":"2017-08-14T18:43:30","date_gmt":"2017-08-14T21:43:30","guid":{"rendered":"http:\/\/diarioregionaljf.com.br\/2017\/08\/14\/mostra-de-cinema-e-audiovisual-tem-programacao-diversificada\/"},"modified":"2017-08-14T18:43:30","modified_gmt":"2017-08-14T21:43:30","slug":"mostra-de-cinema-e-audiovisual-tem-programacao-diversificada","status":"publish","type":"post","link":"https:\/\/diarioregionaldigital.com.br\/?p=79079","title":{"rendered":"Mostra de cinema e audiovisual tem programa\u00e7\u00e3o diversificada"},"content":{"rendered":"<p>Entre 14 e 18 de agosto, o Instituto de Artes e Design (IAD) da Universidade Federal de Juiz de Fora (UFJF) torna-se palco da 2\u00aa Mostra de Cinema e Audiovisual do IAD (Mocina). O evento conta com programa\u00e7\u00e3o diversificada, com debates, apresenta\u00e7\u00f5es e a exibi\u00e7\u00e3o de 25 trabalhos audiovisuais produzidos por universit\u00e1rios. Nesta edi\u00e7\u00e3o, estudantes de todas as institui\u00e7\u00f5es de ensino superior de Juiz de Fora puderam se inscrever.<\/p>\n<p>Este ano, a mostra contabilizou 54 produ\u00e7\u00f5es inscritas; entre elas, foram selecionados 25 filmes. Os jurados avaliar\u00e3o os seguintes formatos audiovisuais: \u201cDocument\u00e1rio\u201d, \u201cExperimental\u201d e \u201cFic\u00e7\u00e3o\u201d, al\u00e9m deles, tamb\u00e9m haver\u00e1 o j\u00fari popular.<\/p>\n<p>Entre os temas abordados nas produ\u00e7\u00f5es, ser\u00e3o apresentados quatro t\u00edtulos que retratam desde a quest\u00e3o da sexualidade na terceira idade \u00e0 viol\u00eancia contra a mulher. Ser\u00e3o tamb\u00e9m exibidos filmes produzidos por mulheres, perpassando o debate sobre um mundo onde a mulher ganha cada vez mais espa\u00e7o, em meio a tantos preconceitos e desigualdades. Filmes experimentais, ficcionais e document\u00e1rios encerram a mostra competitiva, perpassando tem\u00e1ticas de conflito de gera\u00e7\u00f5es a dramas pessoais.<\/p>\n<p>De acordo com uma das produtoras do evento, Renata Dorea, o festival \u00e9 uma possibilidade de exibir os trabalhos, debat\u00ea-los e sentir a resposta do p\u00fablico. \u201c\u00c9 o momento de trazer suas principais inquieta\u00e7\u00f5es a respeito de como produzir um filme. Deste modo, ao propormos um evento anual, muitos alunos utilizam o festival como fomento para suas primeiras produ\u00e7\u00f5es e experimenta\u00e7\u00f5es audiovisuais, criando um fluxo de realizadores que tomam coragem para tirar os filmes da gaveta.\u201d<\/p>\n<p>Em sua segunda edi\u00e7\u00e3o, a Mocina expandiu para todos os universit\u00e1rios de Juiz de Fora. \u201cDesta forma, uma mostra de filmes, inicialmente exclusivamente com filmes do Instituto de Artes e Design, passa a receber alunos de outras institui\u00e7\u00f5es, fazendo com que os participantes fa\u00e7am contatos e debatam sobre suas experi\u00eancias cinematogr\u00e1ficas\u201d, aponta Renata sobre a import\u00e2ncia desse evento para a UFJF.<\/p>\n<p>A mostra ser\u00e1 aberta com o cine-concerto do filme Alexander Nevsky (1939), com reg\u00eancia do professor Willsterman Sottana, executado pelo Coro Acad\u00eamico do Departamento de M\u00fasica do Instituto. Al\u00e9m disso, com o objetivo de fomentar o debate sobre as mulheres que fazem cinema no Brasil contempor\u00e2neo, ser\u00e1 exibido o curta-metragem \u201cQuem matou Elo\u00e1?\u201d que conta com a participa\u00e7\u00e3o da professora da Faculdade de Comunica\u00e7\u00e3o Social, Erika Savernini, e a diretora de Audiovisual, Livia Perez.<\/p>\n<p>A programa\u00e7\u00e3o completa pode ser <a href=\"https:\/\/www.facebook.com\/137778893442385\/photos\/a.137797850107156.1073741828.137778893442385\/162271134326494\/?type=3&amp;theater\">conferida aqui<\/a>.<\/p>\n<h4>SOBRE A MOCINA<\/h4>\n<p>Desenvolvida pelo Laborat\u00f3rio de Antropologia Visual e Document\u00e1rio (Lavidoc), a Mocina prop\u00f5e ser uma plataforma de difus\u00e3o das produ\u00e7\u00f5es cinematogr\u00e1ficas realizadas, principalmente, por estudantes de cinema e comunica\u00e7\u00e3o de Juiz de Fora. Trata-se de uma mostra competitiva que visa exibir, debater e premiar as produ\u00e7\u00f5es destaques nas categorias document\u00e1rio, fic\u00e7\u00e3o e experimental, al\u00e9m de citar men\u00e7\u00f5es honrosas. A mostra ocorre de 14 a 18 de agosto de 2017, com in\u00edcio \u00e0s 18h30, e \u00e9 aberta a toda a comunidade.<\/p>\n<p>Fonte: Assessoria<\/p>\n","protected":false},"excerpt":{"rendered":"<p>Entre 14 e 18 de agosto, o Instituto de Artes e Design (IAD) da Universidade Federal de Juiz de Fora (UFJF) torna-se palco da 2\u00aa Mostra de Cinema e Audiovisual do IAD (Mocina). O evento conta com programa\u00e7\u00e3o diversificada, com debates, apresenta\u00e7\u00f5es e a exibi\u00e7\u00e3o de 25 trabalhos audiovisuais produzidos por universit\u00e1rios. Nesta edi\u00e7\u00e3o, estudantes [&hellip;]<\/p>\n","protected":false},"author":96,"featured_media":79078,"comment_status":"closed","ping_status":"closed","sticky":false,"template":"","format":"standard","meta":{"footnotes":""},"categories":[256],"tags":[],"class_list":["post-79079","post","type-post","status-publish","format-standard","has-post-thumbnail","hentry","category-cultura"],"_links":{"self":[{"href":"https:\/\/diarioregionaldigital.com.br\/index.php?rest_route=\/wp\/v2\/posts\/79079","targetHints":{"allow":["GET"]}}],"collection":[{"href":"https:\/\/diarioregionaldigital.com.br\/index.php?rest_route=\/wp\/v2\/posts"}],"about":[{"href":"https:\/\/diarioregionaldigital.com.br\/index.php?rest_route=\/wp\/v2\/types\/post"}],"author":[{"embeddable":true,"href":"https:\/\/diarioregionaldigital.com.br\/index.php?rest_route=\/wp\/v2\/users\/96"}],"replies":[{"embeddable":true,"href":"https:\/\/diarioregionaldigital.com.br\/index.php?rest_route=%2Fwp%2Fv2%2Fcomments&post=79079"}],"version-history":[{"count":0,"href":"https:\/\/diarioregionaldigital.com.br\/index.php?rest_route=\/wp\/v2\/posts\/79079\/revisions"}],"wp:featuredmedia":[{"embeddable":true,"href":"https:\/\/diarioregionaldigital.com.br\/index.php?rest_route=\/wp\/v2\/media\/79078"}],"wp:attachment":[{"href":"https:\/\/diarioregionaldigital.com.br\/index.php?rest_route=%2Fwp%2Fv2%2Fmedia&parent=79079"}],"wp:term":[{"taxonomy":"category","embeddable":true,"href":"https:\/\/diarioregionaldigital.com.br\/index.php?rest_route=%2Fwp%2Fv2%2Fcategories&post=79079"},{"taxonomy":"post_tag","embeddable":true,"href":"https:\/\/diarioregionaldigital.com.br\/index.php?rest_route=%2Fwp%2Fv2%2Ftags&post=79079"}],"curies":[{"name":"wp","href":"https:\/\/api.w.org\/{rel}","templated":true}]}}