{"id":79077,"date":"2017-08-14T18:33:43","date_gmt":"2017-08-14T21:33:43","guid":{"rendered":"http:\/\/diarioregionaljf.com.br\/2017\/08\/14\/empresas-juniores-da-ufjf-organizam-workshop-de-primeiros-socorros\/"},"modified":"2017-08-14T18:33:43","modified_gmt":"2017-08-14T21:33:43","slug":"empresas-juniores-da-ufjf-organizam-workshop-de-primeiros-socorros","status":"publish","type":"post","link":"https:\/\/diarioregionaldigital.com.br\/?p=79077","title":{"rendered":"Empresas juniores da UFJF organizam workshop de primeiros socorros"},"content":{"rendered":"<p>Est\u00e3o abertas as inscri\u00e7\u00f5es para o I Workshop de Primeiros Socorros, evento voltado para acad\u00eamicos, profissionais e para comunidade externa, organizado pelas empresas juniores da Universidade Federal de Juiz de Fora (UFJF) Medic Jr. (Medicina) e a ACE Jr. (Educa\u00e7\u00e3o F\u00edsica). O evento acontece entre os dias 23 e 27 de agosto, no Audit\u00f3rio da Faculdade de Engenharia e no Gin\u00e1sio da Faculdade de Educa\u00e7\u00e3o F\u00edsica e Desportos (Faefid), ambos no campus Juiz de Fora.<\/p>\n<p>No dia 23, os participantes ter\u00e3o capacita\u00e7\u00e3o te\u00f3rica sobre diferentes procedimentos, como ressuscita\u00e7\u00e3o cardiopulmonar, obstru\u00e7\u00e3o de vias a\u00e9reas por corpo estranho (Ovace), imobiliza\u00e7\u00e3o de coluna cervical e membros, al\u00e9m de urg\u00eancia e emerg\u00eancia cl\u00ednica. A aula ser\u00e1 ministrada pelos membros da Liga Acad\u00eamica do Trauma e Emerg\u00eancia da UFJF (Late). Nos dias 26 e 27, no Gin\u00e1sio da Faefid, o workshop oferece a oportunidade de colocar em pr\u00e1tica os conhecimentos adquiridos na aula te\u00f3rica.<\/p>\n<p>De acordo com o presidente da Medic Jr, Rafael Kenji, o evento visa a complementar a grade curricular dos estudantes, a partir de ambientes que proporcionam aplicar na pr\u00e1tica os conceitos te\u00f3ricos adquiridos. \u201cAl\u00e9m disso, \u00e9 importante at\u00e9 mesmo os leigos terem esse conhecimento de primeiros socorros, pois qualquer aux\u00edlio mais capacitado, num momento de emerg\u00eancia, \u00e9 necess\u00e1rio\u201d, afirma.<\/p>\n<p>As inscri\u00e7\u00f5es podem ser feitas <a href=\"https:\/\/br.eventbu.com\/juiz-de-fora\/1-curso-de-primeiros-socorros-medic-jr-ace-jr-e-late\/4503043\">via internet<\/a> ou presencialmente com os membros da Medic Jr e Ace Jr. O valor \u00e9 de R$ 40 e o evento confere certificado. A programa\u00e7\u00e3o completa est\u00e1 dispon\u00edvel no <a href=\"http:\/\/materiais.jaleko.com.br\/i-curso-de-primeiros-socorros-medic-jr-ace-jr\">site do workshop<\/a>.<\/p>\n<p>Fonte: Assessoria<\/p>\n","protected":false},"excerpt":{"rendered":"<p>Est\u00e3o abertas as inscri\u00e7\u00f5es para o I Workshop de Primeiros Socorros, evento voltado para acad\u00eamicos, profissionais e para comunidade externa, organizado pelas empresas juniores da Universidade Federal de Juiz de Fora (UFJF) Medic Jr. (Medicina) e a ACE Jr. (Educa\u00e7\u00e3o F\u00edsica). O evento acontece entre os dias 23 e 27 de agosto, no Audit\u00f3rio da [&hellip;]<\/p>\n","protected":false},"author":96,"featured_media":79076,"comment_status":"closed","ping_status":"closed","sticky":false,"template":"","format":"standard","meta":{"footnotes":""},"categories":[253],"tags":[],"class_list":["post-79077","post","type-post","status-publish","format-standard","has-post-thumbnail","hentry","category-cidade"],"_links":{"self":[{"href":"https:\/\/diarioregionaldigital.com.br\/index.php?rest_route=\/wp\/v2\/posts\/79077","targetHints":{"allow":["GET"]}}],"collection":[{"href":"https:\/\/diarioregionaldigital.com.br\/index.php?rest_route=\/wp\/v2\/posts"}],"about":[{"href":"https:\/\/diarioregionaldigital.com.br\/index.php?rest_route=\/wp\/v2\/types\/post"}],"author":[{"embeddable":true,"href":"https:\/\/diarioregionaldigital.com.br\/index.php?rest_route=\/wp\/v2\/users\/96"}],"replies":[{"embeddable":true,"href":"https:\/\/diarioregionaldigital.com.br\/index.php?rest_route=%2Fwp%2Fv2%2Fcomments&post=79077"}],"version-history":[{"count":0,"href":"https:\/\/diarioregionaldigital.com.br\/index.php?rest_route=\/wp\/v2\/posts\/79077\/revisions"}],"wp:featuredmedia":[{"embeddable":true,"href":"https:\/\/diarioregionaldigital.com.br\/index.php?rest_route=\/wp\/v2\/media\/79076"}],"wp:attachment":[{"href":"https:\/\/diarioregionaldigital.com.br\/index.php?rest_route=%2Fwp%2Fv2%2Fmedia&parent=79077"}],"wp:term":[{"taxonomy":"category","embeddable":true,"href":"https:\/\/diarioregionaldigital.com.br\/index.php?rest_route=%2Fwp%2Fv2%2Fcategories&post=79077"},{"taxonomy":"post_tag","embeddable":true,"href":"https:\/\/diarioregionaldigital.com.br\/index.php?rest_route=%2Fwp%2Fv2%2Ftags&post=79077"}],"curies":[{"name":"wp","href":"https:\/\/api.w.org\/{rel}","templated":true}]}}