{"id":79070,"date":"2017-08-14T07:31:00","date_gmt":"2017-08-14T10:31:00","guid":{"rendered":"http:\/\/diarioregionaljf.com.br\/2017\/08\/14\/social-16\/"},"modified":"2017-08-14T07:31:00","modified_gmt":"2017-08-14T10:31:00","slug":"social-16","status":"publish","type":"post","link":"https:\/\/diarioregionaldigital.com.br\/?p=79070","title":{"rendered":"Social"},"content":{"rendered":"<p style=\"text-align: center;\"><span class=\"h4\">Odontologia<\/span><br \/>Talentosos e competentes, os odont\u00f3logos Mauro Cruz, Gustavo Cruz e Fernando Goulart Cruz estar\u00e3o de 23 a 26 de agosto em S\u00e3o Paulo, participando do IN-2017, o maior congresso de implantodontia da Am\u00e9rica Latina. Eles levam de Juiz de Fora produtos da Biomac Med, para um Stand na \u00e1rea comercial, como ProHeal e Allumina. No st\u00fadio com aulas direcionadas aos congressistas, os odont\u00f3logos Gustavo Cruz e Fernando Goulart Cruz se apresentar\u00e3o.<\/p>\n<p style=\"text-align: center;\"><span class=\"h4\">Em Minas<\/span><br \/>O en\u00f3logo portugu\u00eas \u00c1lvaro Van Zeller vai estar nos dias 25 e 26 de agosto, em Tiradentes. Participa de harmoniza\u00e7\u00f5es de vinhos e azeites, Pousada Aromas da Montanha. \u00c1lvaro se especializou em enologia na Fran\u00e7a e, em 2015, foi eleito em Portugal, pela revista de Vinhos, o melhor en\u00f3logo de vinhos generosos, e \u00e9 um luxo total.<\/p>\n<p style=\"text-align: center;\"><span class=\"h4\">Cantoria<\/span><br \/>Com a Casa D\u2019\u00cdtalia recebendo um bom p\u00fablico, o coral Vox Uomini, com reg\u00eancia do maestro Dom\u00edcio Proc\u00f3pio, abriu a exposi\u00e7\u00e3o de fotos bel\u00edssimas com o tema \u201cZoe-vida em Deus\u201d da artista pl\u00e1stica Luciana Proc\u00f3pio. A mostra fotogr\u00e1fica exibe 12 obras religiosas da It\u00e1lia e Portugal, revelando um compactuar art\u00edstico, buscando se aproximar do sagrado.<\/p>\n<p style=\"text-align: center;\"><span class=\"h4\">Beleza Masculina<\/span><br \/>Aproveitando que barba e bigode est\u00e3o na moda, uma boa ideia para deixar seu pai poderoso no m\u00eas dele \u00e9 um dia de beleza em uma das barbearias do Santa Cruz Shopping. Olhe s\u00f3: a barbearia Poderoso Chef\u00e3o oferece diversos servi\u00e7os em um ambiente vintage, com direito a cerveja e petiscos. Fica no 1\u00ba piso, e \u00e9 um luxo total.<\/p>\n<p style=\"text-align: center;\"><span class=\"h3\">Social<\/span><br \/>Conjugando espa\u00e7o para beleza total, Camila Marchi e Jo\u00e3o Batista Calderano promoveram coquetel para inaugura\u00e7\u00e3o das novas instala\u00e7\u00f5es do Sal\u00e3o Simetria. Projetado pela arquiteta Mariana Unanue, o local ser\u00e1 utilizado para produ\u00e7\u00e3o de cabelo, maquiagem e est\u00e9tica. As fotos registram presen\u00e7as para a coluna.<\/p>\n<p style=\"text-align: center;\"><img decoding=\"async\" class=\" size-full wp-image-79059\" src=\"http:\/\/diarioregionaljf.com.br\/wp-content\/uploads\/2017\/08\/diario-int-18533-1.jpg\" alt=\"FOTOA.jpg\" width=\"680\" style=\"display: block; margin-left: auto; margin-right: auto;\" srcset=\"https:\/\/diarioregionaldigital.com.br\/wp-content\/uploads\/2017\/08\/diario-int-18533-1.jpg 680w, https:\/\/diarioregionaldigital.com.br\/wp-content\/uploads\/2017\/08\/diario-int-18533-1-300x199.jpg 300w, https:\/\/diarioregionaldigital.com.br\/wp-content\/uploads\/2017\/08\/diario-int-18533-1-360x238.jpg 360w\" sizes=\"(max-width: 680px) 100vw, 680px\" \/>Os propriet\u00e1rios do Simetria, Camila Marchi e Jo\u00e3o Batista Calderano<\/p>\n<p style=\"text-align: center;\"><img decoding=\"async\" class=\" size-full wp-image-79060\" src=\"http:\/\/diarioregionaljf.com.br\/wp-content\/uploads\/2017\/08\/diario-int-18533-2.jpg\" alt=\"FOTOB.jpg\" width=\"680\" style=\"display: block; margin-left: auto; margin-right: auto;\" srcset=\"https:\/\/diarioregionaldigital.com.br\/wp-content\/uploads\/2017\/08\/diario-int-18533-2.jpg 680w, https:\/\/diarioregionaldigital.com.br\/wp-content\/uploads\/2017\/08\/diario-int-18533-2-300x199.jpg 300w, https:\/\/diarioregionaldigital.com.br\/wp-content\/uploads\/2017\/08\/diario-int-18533-2-360x238.jpg 360w\" sizes=\"(max-width: 680px) 100vw, 680px\" \/>Camila Marchi, Paulo Valente, Jo\u00e3o Batista Calderano e filha Lorena<\/p>\n<p style=\"text-align: center;\"><img decoding=\"async\" class=\" size-full wp-image-79061\" src=\"http:\/\/diarioregionaljf.com.br\/wp-content\/uploads\/2017\/08\/diario-int-18533-3.jpg\" alt=\"FOTOC.jpg\" width=\"680\" style=\"display: block; margin-left: auto; margin-right: auto;\" srcset=\"https:\/\/diarioregionaldigital.com.br\/wp-content\/uploads\/2017\/08\/diario-int-18533-3.jpg 680w, https:\/\/diarioregionaldigital.com.br\/wp-content\/uploads\/2017\/08\/diario-int-18533-3-300x199.jpg 300w, https:\/\/diarioregionaldigital.com.br\/wp-content\/uploads\/2017\/08\/diario-int-18533-3-360x238.jpg 360w\" sizes=\"(max-width: 680px) 100vw, 680px\" \/>Jo\u00e3o Batista Calderano, Luciana Ribeiro, Camila Marchi<\/p>\n<p style=\"text-align: center;\"><img decoding=\"async\" class=\" size-full wp-image-79062\" src=\"http:\/\/diarioregionaljf.com.br\/wp-content\/uploads\/2017\/08\/diario-int-18533-4.jpg\" alt=\"FOTOD.jpg\" width=\"680\" style=\"display: block; margin-left: auto; margin-right: auto;\" srcset=\"https:\/\/diarioregionaldigital.com.br\/wp-content\/uploads\/2017\/08\/diario-int-18533-4.jpg 680w, https:\/\/diarioregionaldigital.com.br\/wp-content\/uploads\/2017\/08\/diario-int-18533-4-300x199.jpg 300w, https:\/\/diarioregionaldigital.com.br\/wp-content\/uploads\/2017\/08\/diario-int-18533-4-360x238.jpg 360w\" sizes=\"(max-width: 680px) 100vw, 680px\" \/>Camila Marchi, Vanessa Lima, Jo\u00e3o Batista Calderano<\/p>\n<p style=\"text-align: center;\"><img decoding=\"async\" class=\" size-full wp-image-79063\" src=\"http:\/\/diarioregionaljf.com.br\/wp-content\/uploads\/2017\/08\/diario-int-18533-5.jpg\" alt=\"FOTOE.jpg\" width=\"680\" style=\"display: block; margin-left: auto; margin-right: auto;\" srcset=\"https:\/\/diarioregionaldigital.com.br\/wp-content\/uploads\/2017\/08\/diario-int-18533-5.jpg 680w, https:\/\/diarioregionaldigital.com.br\/wp-content\/uploads\/2017\/08\/diario-int-18533-5-300x199.jpg 300w, https:\/\/diarioregionaldigital.com.br\/wp-content\/uploads\/2017\/08\/diario-int-18533-5-360x238.jpg 360w\" sizes=\"(max-width: 680px) 100vw, 680px\" \/>Camila Marchi, Jo\u00e3o Batista Calderano, Janice Esterci<\/p>\n<p style=\"text-align: center;\"><img decoding=\"async\" class=\" size-full wp-image-79064\" src=\"http:\/\/diarioregionaljf.com.br\/wp-content\/uploads\/2017\/08\/diario-int-18533-6.jpg\" alt=\"FOTOF.jpg\" width=\"680\" style=\"display: block; margin-left: auto; margin-right: auto;\" srcset=\"https:\/\/diarioregionaldigital.com.br\/wp-content\/uploads\/2017\/08\/diario-int-18533-6.jpg 680w, https:\/\/diarioregionaldigital.com.br\/wp-content\/uploads\/2017\/08\/diario-int-18533-6-300x199.jpg 300w, https:\/\/diarioregionaldigital.com.br\/wp-content\/uploads\/2017\/08\/diario-int-18533-6-360x238.jpg 360w\" sizes=\"(max-width: 680px) 100vw, 680px\" \/>Aline Almeida, Jo\u00e3o Batista Calderano, Camila Marchi e Josy Martins<\/p>\n<p style=\"text-align: center;\"><img decoding=\"async\" class=\" size-full wp-image-79065\" src=\"http:\/\/diarioregionaljf.com.br\/wp-content\/uploads\/2017\/08\/diario-int-18533-7.jpg\" alt=\"FOTOG.jpg\" width=\"680\" style=\"display: block; margin-left: auto; margin-right: auto;\" srcset=\"https:\/\/diarioregionaldigital.com.br\/wp-content\/uploads\/2017\/08\/diario-int-18533-7.jpg 680w, https:\/\/diarioregionaldigital.com.br\/wp-content\/uploads\/2017\/08\/diario-int-18533-7-300x199.jpg 300w, https:\/\/diarioregionaldigital.com.br\/wp-content\/uploads\/2017\/08\/diario-int-18533-7-360x238.jpg 360w\" sizes=\"(max-width: 680px) 100vw, 680px\" \/>Equipe Simetria: Silvana Penaforte, Michele Gon\u00e7alves, Guilherme Fonseca, Patr\u00edcia Jacomedes, Marlon Jop, Jo\u00e3o Batista Calderano e Camila Marchi<\/p>\n<p style=\"text-align: center;\"><img decoding=\"async\" class=\" size-full wp-image-79066\" src=\"http:\/\/diarioregionaljf.com.br\/wp-content\/uploads\/2017\/08\/diario-int-18533-8.jpg\" alt=\"FOTOH.jpg\" width=\"680\" style=\"display: block; margin-left: auto; margin-right: auto;\" srcset=\"https:\/\/diarioregionaldigital.com.br\/wp-content\/uploads\/2017\/08\/diario-int-18533-8.jpg 680w, https:\/\/diarioregionaldigital.com.br\/wp-content\/uploads\/2017\/08\/diario-int-18533-8-300x199.jpg 300w, https:\/\/diarioregionaldigital.com.br\/wp-content\/uploads\/2017\/08\/diario-int-18533-8-360x238.jpg 360w\" sizes=\"(max-width: 680px) 100vw, 680px\" \/>Juliana Coelho, Mariane Unanue, Jo\u00e3o Batista Calderano, Nat\u00e1lia Minateli<\/p>\n<p style=\"text-align: center;\"><img decoding=\"async\" class=\" size-full wp-image-79067\" src=\"http:\/\/diarioregionaljf.com.br\/wp-content\/uploads\/2017\/08\/diario-int-18533-9.jpg\" alt=\"FOTOI.jpg\" width=\"680\" style=\"display: block; margin-left: auto; margin-right: auto;\" srcset=\"https:\/\/diarioregionaldigital.com.br\/wp-content\/uploads\/2017\/08\/diario-int-18533-9.jpg 680w, https:\/\/diarioregionaldigital.com.br\/wp-content\/uploads\/2017\/08\/diario-int-18533-9-300x199.jpg 300w, https:\/\/diarioregionaldigital.com.br\/wp-content\/uploads\/2017\/08\/diario-int-18533-9-360x238.jpg 360w\" sizes=\"(max-width: 680px) 100vw, 680px\" \/>Andr\u00e9 Alvim, Bernardo Mansur e Jo\u00e3o Batista Calderano<\/p>\n<p style=\"text-align: center;\"><img decoding=\"async\" class=\" size-full wp-image-79068\" src=\"http:\/\/diarioregionaljf.com.br\/wp-content\/uploads\/2017\/08\/diario-int-18533-10.jpg\" alt=\"FOTOJ.jpg\" width=\"680\" style=\"display: block; margin-left: auto; margin-right: auto;\" srcset=\"https:\/\/diarioregionaldigital.com.br\/wp-content\/uploads\/2017\/08\/diario-int-18533-10.jpg 680w, https:\/\/diarioregionaldigital.com.br\/wp-content\/uploads\/2017\/08\/diario-int-18533-10-300x199.jpg 300w, https:\/\/diarioregionaldigital.com.br\/wp-content\/uploads\/2017\/08\/diario-int-18533-10-360x238.jpg 360w\" sizes=\"(max-width: 680px) 100vw, 680px\" \/>Camila Marchi, Fred Belcavello, M\u00f4nica Calderano, Jo\u00e3o Batista Calderano<\/p>\n<p style=\"text-align: center;\"><img decoding=\"async\" class=\" size-full wp-image-79069\" src=\"http:\/\/diarioregionaljf.com.br\/wp-content\/uploads\/2017\/08\/diario-int-18533-11.jpg\" alt=\"FOTOL.jpg\" width=\"680\" style=\"display: block; margin-left: auto; margin-right: auto;\" srcset=\"https:\/\/diarioregionaldigital.com.br\/wp-content\/uploads\/2017\/08\/diario-int-18533-11.jpg 680w, https:\/\/diarioregionaldigital.com.br\/wp-content\/uploads\/2017\/08\/diario-int-18533-11-300x199.jpg 300w, https:\/\/diarioregionaldigital.com.br\/wp-content\/uploads\/2017\/08\/diario-int-18533-11-360x238.jpg 360w\" sizes=\"(max-width: 680px) 100vw, 680px\" \/>Jo\u00e3o Batista Calderano e a filha Lorena e Camila Marchi com o filho Renato<\/p>\n<p class=\"h4\" style=\"text-align: center;\">FOTOSS\u00cdNTESE<\/p>\n<p>Hoje Dia dos Pais, nossa homenagem ao Rei do Lar para. Nilo Azevedo, Roberto Lu\u00eds da Rocha, Bruno C\u00e9sar Gomes da Rocha, Jos\u00e9 Roberto Lanziotti, Ronald Platz, Leonardo Bonoto, \u00c2ngelo Atalla, Toinho Gomes, Wagner Daibert, Mestre Jansen e os Gomes, Ricardo, Jos\u00e9 Roberto, Paulo S\u00e9rgio, Mauro Lu\u00eds, Fernando Soter e M\u00e1rcio. Parab\u00e9ns.<\/p>\n<p>O artista pl\u00e1stico Gerson Guedes faz palestra com o tema \u201cA Hist\u00f3ria de Juiz de Fora atrav\u00e9s da pintura\u201d. Ser\u00e1 dia 17 de agosto, as 19h, no Lact\u00e1rio S\u00e3o Jos\u00e9, na Rua Esp\u00edrito Santo, 925. Entrada Franca.<\/p>\n<p>Para s\u00e1bado, 19 de agosto, \u00e0s 23h, a Danceteria House abre a pista de dan\u00e7a para a festa Arrasou \u2013 especial Rainbow.<\/p>\n<p>Organizado por Night Off Insomnia, no dia 20 de agosto, de 14 as 17:30, tem Show de Pr\u00eamios, no Sal\u00e3o S\u00e3o Jos\u00e9, na Rua S\u00e3o Sebasti\u00e3o, n\u00ba 412. Convidando este colunista, Anderson Batista.<\/p>\n<p>Neste domingo, 13 de agosto, de 08:30 as 13:30, acontece no Ritz Plaza Hotel o Congresso Agraciadas 2017. Organizado por Alcione Maroloco, o tema \u00e9 Ora\u00e7\u00e3o tem Poder, e ter\u00e1 a presen\u00e7a da Mission\u00e1ria Camila Barros (RJ), as Pastoras, Selma Gaspar (JF), Cida Rodegheri (JF) e as Mission\u00e1rias, Maria das Gra\u00e7as Ribeiro (JF) e Andr\u00e9a Palaroni (SP).<\/p>\n<p>De Leopoldina chega convite para o badalo Sunset Festival, no Acqua Fresch. A produ\u00e7\u00e3o \u00e9 do Two Birdis e rola nos dias 19 e 20 de agosto, come\u00e7ando as 14h.<\/p>\n<p>Com palestra pensando em bem estar, o professor Joaquim Ramalho (Kinzinho) deu um pl\u00e1 na Semana ligada a Seguran\u00e7a no Trabalho (SIPAT), na Faculdade Universo.<\/p>\n<p>A atriz Mait\u00ea Proen\u00e7a este em Juiz de Fora e almo\u00e7ou na Assunta com os atores Gabriel Godoy e Tairone Vale. Veio para a grava\u00e7\u00e3o do curta-metragem \u201cSinopse\u201d<\/p>\n<p>A esfuziante Myrliane Le\u00e3o est\u00e1 no corpo de jurados que eleger\u00e1 a Miss Brasil Gay 2017, dia 19 de agosto, \u00e0s 21h, no Terrazzo.<\/p>\n<p>Para alegrar seu domingo: \u201cAmar \u00e9 perceber todas as coisas do mundo, respeitando o direito de exist\u00eancia de cada ser: mineral, vegetal, animal, humano\u201d. (Evaldo de Paula Moreira) Bom dia.<\/p>\n","protected":false},"excerpt":{"rendered":"<p>OdontologiaTalentosos e competentes, os odont\u00f3logos Mauro Cruz, Gustavo Cruz e Fernando Goulart Cruz estar\u00e3o de 23 a 26 de agosto em S\u00e3o Paulo, participando do IN-2017, o maior congresso de implantodontia da Am\u00e9rica Latina. Eles levam de Juiz de Fora produtos da Biomac Med, para um Stand na \u00e1rea comercial, como ProHeal e Allumina. No [&hellip;]<\/p>\n","protected":false},"author":96,"featured_media":79058,"comment_status":"closed","ping_status":"closed","sticky":false,"template":"","format":"standard","meta":{"footnotes":""},"categories":[264],"tags":[],"class_list":["post-79070","post","type-post","status-publish","format-standard","has-post-thumbnail","hentry","category-eduardo-gomes"],"_links":{"self":[{"href":"https:\/\/diarioregionaldigital.com.br\/index.php?rest_route=\/wp\/v2\/posts\/79070","targetHints":{"allow":["GET"]}}],"collection":[{"href":"https:\/\/diarioregionaldigital.com.br\/index.php?rest_route=\/wp\/v2\/posts"}],"about":[{"href":"https:\/\/diarioregionaldigital.com.br\/index.php?rest_route=\/wp\/v2\/types\/post"}],"author":[{"embeddable":true,"href":"https:\/\/diarioregionaldigital.com.br\/index.php?rest_route=\/wp\/v2\/users\/96"}],"replies":[{"embeddable":true,"href":"https:\/\/diarioregionaldigital.com.br\/index.php?rest_route=%2Fwp%2Fv2%2Fcomments&post=79070"}],"version-history":[{"count":0,"href":"https:\/\/diarioregionaldigital.com.br\/index.php?rest_route=\/wp\/v2\/posts\/79070\/revisions"}],"wp:featuredmedia":[{"embeddable":true,"href":"https:\/\/diarioregionaldigital.com.br\/index.php?rest_route=\/wp\/v2\/media\/79058"}],"wp:attachment":[{"href":"https:\/\/diarioregionaldigital.com.br\/index.php?rest_route=%2Fwp%2Fv2%2Fmedia&parent=79070"}],"wp:term":[{"taxonomy":"category","embeddable":true,"href":"https:\/\/diarioregionaldigital.com.br\/index.php?rest_route=%2Fwp%2Fv2%2Fcategories&post=79070"},{"taxonomy":"post_tag","embeddable":true,"href":"https:\/\/diarioregionaldigital.com.br\/index.php?rest_route=%2Fwp%2Fv2%2Ftags&post=79070"}],"curies":[{"name":"wp","href":"https:\/\/api.w.org\/{rel}","templated":true}]}}