{"id":79057,"date":"2017-08-12T16:59:40","date_gmt":"2017-08-12T19:59:40","guid":{"rendered":"http:\/\/diarioregionaljf.com.br\/2017\/08\/12\/alteracoes-no-transito-de-juiz-de-fora-neste-domingo\/"},"modified":"2017-08-12T16:59:40","modified_gmt":"2017-08-12T19:59:40","slug":"alteracoes-no-transito-de-juiz-de-fora-neste-domingo","status":"publish","type":"post","link":"https:\/\/diarioregionaldigital.com.br\/?p=79057","title":{"rendered":"Altera\u00e7\u00f5es no tr\u00e2nsito de Juiz de Fora neste domingo"},"content":{"rendered":"<p>Neste domingo, 13, est\u00e3o previstas algumas altera\u00e7\u00f5es no tr\u00e2nsito da cidade a fim de atender a demandas de eventos religiosos e obras da Cesama. Confira as mudan\u00e7as:<\/p>\n<p>A Secretaria de Transporte e Tr\u00e2nsito (Settra) da Prefeitura de Juiz de Fora (PJF) far\u00e1 interven\u00e7\u00f5es no Bairro S\u00e3o Dimas, zona norte, para realiza\u00e7\u00e3o da carreata com a imagem de Nossa Senhora das Cabe\u00e7as. As vias que fazem parte do percurso ser\u00e3o interditadas a partir das 15 horas, com o objetivo de garantir a fluidez no tr\u00e2nsito e a seguran\u00e7a dos fi\u00e9is. O p\u00e1tio da igreja da par\u00f3quia ser\u00e1 o ponto de partida e chegada.<\/p>\n<p>O percurso da carreata ser\u00e1 feito pelas ruas Coronel Vidal, Henrique Burnier, Tereza Cristina, Bernardo Mascarenhas, Eduardo Weiss, Montezinas, Farias, Brito, Miguel Couto, Eduardo Weiss, Bernardo Mascarenhas, Olavo Bilac, Jos\u00e9 Martins Silva, Osmar Cortes Claro, Eunice Weaver, Guilhardo Xavier Furtado, Dr. Alvino De Paula, Jos\u00e9 de Almeida Portes, Marechal Cordeiro de Faria, Jos\u00e9 De Almeida Portes, Guilhardo Xavier Furtado, Eunice Weaver, Jos\u00e9 Martins Silva, Elmira Celestina Fontes, Olavo Bilac, Avenida Juscelino Kubitschek, ruas Berta Halfeld Paleta, Manoel Diniz da Silva, Avenida Juscelino Kubitschek, ruas Coronel Vidal, H\u00e9lio Tomaz, Martinho Gon\u00e7alves, Francisco de Almeida, Rua Jos\u00e9 Manoel de Oliveira, H\u00e9lio Tomaz, Martinho Gon\u00e7alves e Coronel Vidal.<\/p>\n<p>J\u00e1 a Companhia de Saneamento Municipal (Cesama) far\u00e1 manuten\u00e7\u00e3o em uma rede de \u00e1gua do Bairro Manoel Hon\u00f3rio, no cruzamento entre as avenidas Bar\u00e3o do Rio Branco e Brasil. Para realiza\u00e7\u00e3o dos trabalhos, ser\u00e1 preciso interditar parcialmente o tr\u00e2nsito na Avenida Rio Branco, no sentido Manoel Hon\u00f3rio, e na Avenida Brasil, sentido Santa Terezinha. A interven\u00e7\u00e3o est\u00e1 programada para o per\u00edodo das 7 \u00e0s 11 horas. Assim que a obra for conclu\u00edda, o trecho ser\u00e1 liberado.<\/p>\n<p>Fonte: Assessoria \/ PJF<\/p>\n","protected":false},"excerpt":{"rendered":"<p>Neste domingo, 13, est\u00e3o previstas algumas altera\u00e7\u00f5es no tr\u00e2nsito da cidade a fim de atender a demandas de eventos religiosos e obras da Cesama. Confira as mudan\u00e7as: A Secretaria de Transporte e Tr\u00e2nsito (Settra) da Prefeitura de Juiz de Fora (PJF) far\u00e1 interven\u00e7\u00f5es no Bairro S\u00e3o Dimas, zona norte, para realiza\u00e7\u00e3o da carreata com a [&hellip;]<\/p>\n","protected":false},"author":96,"featured_media":79056,"comment_status":"closed","ping_status":"closed","sticky":false,"template":"","format":"standard","meta":{"footnotes":""},"categories":[253],"tags":[],"class_list":["post-79057","post","type-post","status-publish","format-standard","has-post-thumbnail","hentry","category-cidade"],"_links":{"self":[{"href":"https:\/\/diarioregionaldigital.com.br\/index.php?rest_route=\/wp\/v2\/posts\/79057","targetHints":{"allow":["GET"]}}],"collection":[{"href":"https:\/\/diarioregionaldigital.com.br\/index.php?rest_route=\/wp\/v2\/posts"}],"about":[{"href":"https:\/\/diarioregionaldigital.com.br\/index.php?rest_route=\/wp\/v2\/types\/post"}],"author":[{"embeddable":true,"href":"https:\/\/diarioregionaldigital.com.br\/index.php?rest_route=\/wp\/v2\/users\/96"}],"replies":[{"embeddable":true,"href":"https:\/\/diarioregionaldigital.com.br\/index.php?rest_route=%2Fwp%2Fv2%2Fcomments&post=79057"}],"version-history":[{"count":0,"href":"https:\/\/diarioregionaldigital.com.br\/index.php?rest_route=\/wp\/v2\/posts\/79057\/revisions"}],"wp:featuredmedia":[{"embeddable":true,"href":"https:\/\/diarioregionaldigital.com.br\/index.php?rest_route=\/wp\/v2\/media\/79056"}],"wp:attachment":[{"href":"https:\/\/diarioregionaldigital.com.br\/index.php?rest_route=%2Fwp%2Fv2%2Fmedia&parent=79057"}],"wp:term":[{"taxonomy":"category","embeddable":true,"href":"https:\/\/diarioregionaldigital.com.br\/index.php?rest_route=%2Fwp%2Fv2%2Fcategories&post=79057"},{"taxonomy":"post_tag","embeddable":true,"href":"https:\/\/diarioregionaldigital.com.br\/index.php?rest_route=%2Fwp%2Fv2%2Ftags&post=79057"}],"curies":[{"name":"wp","href":"https:\/\/api.w.org\/{rel}","templated":true}]}}