{"id":79055,"date":"2017-08-12T16:37:58","date_gmt":"2017-08-12T19:37:58","guid":{"rendered":"http:\/\/diarioregionaljf.com.br\/2017\/08\/12\/policiais-militares-participam-do-projeto-pm-sangue-bom\/"},"modified":"2017-08-12T16:37:58","modified_gmt":"2017-08-12T19:37:58","slug":"policiais-militares-participam-do-projeto-pm-sangue-bom","status":"publish","type":"post","link":"https:\/\/diarioregionaldigital.com.br\/?p=79055","title":{"rendered":"Policiais Militares participam do Projeto \u201cPM Sangue Bom\u201d"},"content":{"rendered":"<p>Nesta sexta-feira, 11, Policiais Militares de Juiz de Fora participaram do Projeto PM Sangue Bom, no qual compareceram ao Hemominas para realizarem doa\u00e7\u00e3o de sangue.<\/p>\n<p>Foram 56 policiais participando da a\u00e7\u00e3o, um n\u00famero importante e que ajudar\u00e1 a abastecer o banco de sangue do Hemominas, que atende Juiz de Fora e outras cidades da regi\u00e3o.<\/p>\n<p><img loading=\"lazy\" decoding=\"async\" class=\" size-full wp-image-79053\" src=\"http:\/\/diarioregionaljf.com.br\/wp-content\/uploads\/2017\/08\/diario-int-18531-1.jpg\" alt=\"pmsan\" width=\"424\" height=\"282\" srcset=\"https:\/\/diarioregionaldigital.com.br\/wp-content\/uploads\/2017\/08\/diario-int-18531-1.jpg 670w, https:\/\/diarioregionaldigital.com.br\/wp-content\/uploads\/2017\/08\/diario-int-18531-1-300x200.jpg 300w, https:\/\/diarioregionaldigital.com.br\/wp-content\/uploads\/2017\/08\/diario-int-18531-1-360x240.jpg 360w\" sizes=\"auto, (max-width: 424px) 100vw, 424px\" \/><\/p>\n<p>Foto: Pol\u00edcia Militar<\/p>\n<p><img loading=\"lazy\" decoding=\"async\" class=\" size-full wp-image-79054\" src=\"http:\/\/diarioregionaljf.com.br\/wp-content\/uploads\/2017\/08\/diario-int-18531-2.jpg\" alt=\"pmsa\" width=\"422\" height=\"281\" srcset=\"https:\/\/diarioregionaldigital.com.br\/wp-content\/uploads\/2017\/08\/diario-int-18531-2.jpg 670w, https:\/\/diarioregionaldigital.com.br\/wp-content\/uploads\/2017\/08\/diario-int-18531-2-300x200.jpg 300w, https:\/\/diarioregionaldigital.com.br\/wp-content\/uploads\/2017\/08\/diario-int-18531-2-360x240.jpg 360w\" sizes=\"auto, (max-width: 422px) 100vw, 422px\" \/><\/p>\n<p>Foto: Pol\u00edcia Militar<\/p>\n<p><strong><span style=\"font-size: 18pt;\">Aos interessados em doar sangue<\/span><\/strong><\/p>\n<p>Para doar sangue \u00e9 necess\u00e1rio ter entre 16 e 69 anos, menores de 18 anos precisam de autoriza\u00e7\u00e3o dos pais; pesar no m\u00ednimo 50kg; estar alimentado, evitar alimenta\u00e7\u00e3o gordurosa nas 4 horas que antecedem a doa\u00e7\u00e3o).<\/p>\n<p>No Hemominas \u00e9 necess\u00e1rio apresentar documento original com foto recente, que permita a identifica\u00e7\u00e3o do doador. A institui\u00e7\u00e3o est\u00e1 localizada na Rua Bar\u00e3o de Cataguases, s\/ n\u00ba, no bairro Santa Helena, regi\u00e3o Central, de segunda a sexta-feira, das 7h \u00e0s 18h, e aos s\u00e1bados das 7h \u00e0s 11h da manh\u00e3.<\/p>\n<p>Fonte: Assessoria de Comunica\u00e7\u00e3o Organizacional da 4\u00aa RPM<\/p>\n<p>&nbsp;<\/p>\n","protected":false},"excerpt":{"rendered":"<p>Nesta sexta-feira, 11, Policiais Militares de Juiz de Fora participaram do Projeto PM Sangue Bom, no qual compareceram ao Hemominas para realizarem doa\u00e7\u00e3o de sangue. Foram 56 policiais participando da a\u00e7\u00e3o, um n\u00famero importante e que ajudar\u00e1 a abastecer o banco de sangue do Hemominas, que atende Juiz de Fora e outras cidades da regi\u00e3o. [&hellip;]<\/p>\n","protected":false},"author":96,"featured_media":79052,"comment_status":"closed","ping_status":"closed","sticky":false,"template":"","format":"standard","meta":{"footnotes":""},"categories":[253],"tags":[],"class_list":["post-79055","post","type-post","status-publish","format-standard","has-post-thumbnail","hentry","category-cidade"],"_links":{"self":[{"href":"https:\/\/diarioregionaldigital.com.br\/index.php?rest_route=\/wp\/v2\/posts\/79055","targetHints":{"allow":["GET"]}}],"collection":[{"href":"https:\/\/diarioregionaldigital.com.br\/index.php?rest_route=\/wp\/v2\/posts"}],"about":[{"href":"https:\/\/diarioregionaldigital.com.br\/index.php?rest_route=\/wp\/v2\/types\/post"}],"author":[{"embeddable":true,"href":"https:\/\/diarioregionaldigital.com.br\/index.php?rest_route=\/wp\/v2\/users\/96"}],"replies":[{"embeddable":true,"href":"https:\/\/diarioregionaldigital.com.br\/index.php?rest_route=%2Fwp%2Fv2%2Fcomments&post=79055"}],"version-history":[{"count":0,"href":"https:\/\/diarioregionaldigital.com.br\/index.php?rest_route=\/wp\/v2\/posts\/79055\/revisions"}],"wp:featuredmedia":[{"embeddable":true,"href":"https:\/\/diarioregionaldigital.com.br\/index.php?rest_route=\/wp\/v2\/media\/79052"}],"wp:attachment":[{"href":"https:\/\/diarioregionaldigital.com.br\/index.php?rest_route=%2Fwp%2Fv2%2Fmedia&parent=79055"}],"wp:term":[{"taxonomy":"category","embeddable":true,"href":"https:\/\/diarioregionaldigital.com.br\/index.php?rest_route=%2Fwp%2Fv2%2Fcategories&post=79055"},{"taxonomy":"post_tag","embeddable":true,"href":"https:\/\/diarioregionaldigital.com.br\/index.php?rest_route=%2Fwp%2Fv2%2Ftags&post=79055"}],"curies":[{"name":"wp","href":"https:\/\/api.w.org\/{rel}","templated":true}]}}