{"id":79051,"date":"2017-08-12T15:10:10","date_gmt":"2017-08-12T18:10:10","guid":{"rendered":"http:\/\/diarioregionaljf.com.br\/2017\/08\/12\/jovem-de-15-anos-e-assaltada-no-nova-era\/"},"modified":"2017-08-12T15:10:10","modified_gmt":"2017-08-12T18:10:10","slug":"jovem-de-15-anos-e-assaltada-no-nova-era","status":"publish","type":"post","link":"https:\/\/diarioregionaldigital.com.br\/?p=79051","title":{"rendered":"Jovem de 15 anos \u00e9 assaltada no Nova Era"},"content":{"rendered":"<p>Uma jovem de 15 anos foi assaltada enquanto aguardava um coletivo no primeiro ponto de \u00f4nibus da rua Dr. Sime\u00e3o de Faria no bairro Nova Era, localizado na zona Norte da cidade.<\/p>\n<p>A v\u00edtima ficou sozinha no ponto por um momento, quando ent\u00e3o, um indiv\u00edduo que j\u00e1 havia passado pelo local, retornou com uma faca, assentou-se do seu lado e amea\u00e7ou esfaque\u00e1-la caso n\u00e3o lhe passasse o aparelho celular. Diante da amea\u00e7a a jovem entregou o celular ao indiv\u00edduo que fugiu a p\u00e9 pela Avenida Juscelino Kubitschek, sentindo ao bairro Benfica.<\/p>\n<p>A Pol\u00edcia Militar fez buscas pela regi\u00e3o, mas o autor n\u00e3o foi encontrado. O respons\u00e1vel pela jovem compareceu a delegacia para registrar a ocorr\u00eancia.<\/p>\n","protected":false},"excerpt":{"rendered":"<p>Uma jovem de 15 anos foi assaltada enquanto aguardava um coletivo no primeiro ponto de \u00f4nibus da rua Dr. Sime\u00e3o de Faria no bairro Nova Era, localizado na zona Norte da cidade. A v\u00edtima ficou sozinha no ponto por um momento, quando ent\u00e3o, um indiv\u00edduo que j\u00e1 havia passado pelo local, retornou com uma faca, [&hellip;]<\/p>\n","protected":false},"author":96,"featured_media":79050,"comment_status":"closed","ping_status":"closed","sticky":false,"template":"","format":"standard","meta":{"footnotes":""},"categories":[301],"tags":[],"class_list":["post-79051","post","type-post","status-publish","format-standard","has-post-thumbnail","hentry","category-artigos-policiais"],"_links":{"self":[{"href":"https:\/\/diarioregionaldigital.com.br\/index.php?rest_route=\/wp\/v2\/posts\/79051","targetHints":{"allow":["GET"]}}],"collection":[{"href":"https:\/\/diarioregionaldigital.com.br\/index.php?rest_route=\/wp\/v2\/posts"}],"about":[{"href":"https:\/\/diarioregionaldigital.com.br\/index.php?rest_route=\/wp\/v2\/types\/post"}],"author":[{"embeddable":true,"href":"https:\/\/diarioregionaldigital.com.br\/index.php?rest_route=\/wp\/v2\/users\/96"}],"replies":[{"embeddable":true,"href":"https:\/\/diarioregionaldigital.com.br\/index.php?rest_route=%2Fwp%2Fv2%2Fcomments&post=79051"}],"version-history":[{"count":0,"href":"https:\/\/diarioregionaldigital.com.br\/index.php?rest_route=\/wp\/v2\/posts\/79051\/revisions"}],"wp:featuredmedia":[{"embeddable":true,"href":"https:\/\/diarioregionaldigital.com.br\/index.php?rest_route=\/wp\/v2\/media\/79050"}],"wp:attachment":[{"href":"https:\/\/diarioregionaldigital.com.br\/index.php?rest_route=%2Fwp%2Fv2%2Fmedia&parent=79051"}],"wp:term":[{"taxonomy":"category","embeddable":true,"href":"https:\/\/diarioregionaldigital.com.br\/index.php?rest_route=%2Fwp%2Fv2%2Fcategories&post=79051"},{"taxonomy":"post_tag","embeddable":true,"href":"https:\/\/diarioregionaldigital.com.br\/index.php?rest_route=%2Fwp%2Fv2%2Ftags&post=79051"}],"curies":[{"name":"wp","href":"https:\/\/api.w.org\/{rel}","templated":true}]}}