{"id":79049,"date":"2017-08-12T13:47:39","date_gmt":"2017-08-12T16:47:39","guid":{"rendered":"http:\/\/diarioregionaljf.com.br\/2017\/08\/12\/bar-e-assaltado-no-bairro-furtado-de-menezes\/"},"modified":"2017-08-12T13:47:39","modified_gmt":"2017-08-12T16:47:39","slug":"bar-e-assaltado-no-bairro-furtado-de-menezes","status":"publish","type":"post","link":"https:\/\/diarioregionaldigital.com.br\/?p=79049","title":{"rendered":"Bar \u00e9 assaltado no bairro Furtado de Menezes"},"content":{"rendered":"<p>Um bar foi assaltado no in\u00edcio da madrugada deste s\u00e1bado, 12, no bairro Furtado de Menezes, localizado na zona Sudeste da cidade.<\/p>\n<p>Segundo informa\u00e7\u00f5es do Pol\u00edcia Militar (PM), o propriet\u00e1rio do estabelecimento e seu filho estavam no balc\u00e3o do local, quando um indiv\u00edduo encapuzado e armado com o que seria uma pistola, entrou e anunciou o assalto exigindo dinheiro. As v\u00edtimas repassaram a quantia de R$ 770.<\/p>\n<p>Ap\u00f3s cometer o crime o autor fugiu, entretanto deixou a arma cair no ch\u00e3o. Nesse momento os clientes que estavam no bar perceberam que a arma na verdade era falsa e perseguiram o autor alcan\u00e7ando-o e imobilizando-o ap\u00f3s entrarem em luta corporal com o mesmo.<\/p>\n<p>Momentos depois desta a\u00e7\u00e3o, surgiram dois outros indiv\u00edduos em um carro, e simulando estarem armados regataram o autor que estava imobilizado pelos clientes do bar. Durante a nova fuga, os tr\u00eas indiv\u00edduos deixaram cair R$400 da quantia roubada, que foi ent\u00e3o recolhida pela v\u00edtima, al\u00e9m disso tamb\u00e9m perderam o controle do ve\u00edculo que subiu no passeio e ficou impossibilitado de se locomover. Os autores ent\u00e3o fugiram a p\u00e9 em sentido bairro Olavo Costa, n\u00e3o sendo mais encontrados.<\/p>\n<p>As v\u00edtimas e testemunhas n\u00e3o souberam passar as caracter\u00edsticas dos autores para a PM, visto estarem nervosas. Um auto socorro de plant\u00e3o removeu o ve\u00edculo.<\/p>\n","protected":false},"excerpt":{"rendered":"<p>Um bar foi assaltado no in\u00edcio da madrugada deste s\u00e1bado, 12, no bairro Furtado de Menezes, localizado na zona Sudeste da cidade. Segundo informa\u00e7\u00f5es do Pol\u00edcia Militar (PM), o propriet\u00e1rio do estabelecimento e seu filho estavam no balc\u00e3o do local, quando um indiv\u00edduo encapuzado e armado com o que seria uma pistola, entrou e anunciou [&hellip;]<\/p>\n","protected":false},"author":96,"featured_media":79048,"comment_status":"closed","ping_status":"closed","sticky":false,"template":"","format":"standard","meta":{"footnotes":""},"categories":[301],"tags":[],"class_list":["post-79049","post","type-post","status-publish","format-standard","has-post-thumbnail","hentry","category-artigos-policiais"],"_links":{"self":[{"href":"https:\/\/diarioregionaldigital.com.br\/index.php?rest_route=\/wp\/v2\/posts\/79049","targetHints":{"allow":["GET"]}}],"collection":[{"href":"https:\/\/diarioregionaldigital.com.br\/index.php?rest_route=\/wp\/v2\/posts"}],"about":[{"href":"https:\/\/diarioregionaldigital.com.br\/index.php?rest_route=\/wp\/v2\/types\/post"}],"author":[{"embeddable":true,"href":"https:\/\/diarioregionaldigital.com.br\/index.php?rest_route=\/wp\/v2\/users\/96"}],"replies":[{"embeddable":true,"href":"https:\/\/diarioregionaldigital.com.br\/index.php?rest_route=%2Fwp%2Fv2%2Fcomments&post=79049"}],"version-history":[{"count":0,"href":"https:\/\/diarioregionaldigital.com.br\/index.php?rest_route=\/wp\/v2\/posts\/79049\/revisions"}],"wp:featuredmedia":[{"embeddable":true,"href":"https:\/\/diarioregionaldigital.com.br\/index.php?rest_route=\/wp\/v2\/media\/79048"}],"wp:attachment":[{"href":"https:\/\/diarioregionaldigital.com.br\/index.php?rest_route=%2Fwp%2Fv2%2Fmedia&parent=79049"}],"wp:term":[{"taxonomy":"category","embeddable":true,"href":"https:\/\/diarioregionaldigital.com.br\/index.php?rest_route=%2Fwp%2Fv2%2Fcategories&post=79049"},{"taxonomy":"post_tag","embeddable":true,"href":"https:\/\/diarioregionaldigital.com.br\/index.php?rest_route=%2Fwp%2Fv2%2Ftags&post=79049"}],"curies":[{"name":"wp","href":"https:\/\/api.w.org\/{rel}","templated":true}]}}