{"id":79047,"date":"2017-08-12T12:26:54","date_gmt":"2017-08-12T15:26:54","guid":{"rendered":"http:\/\/diarioregionaljf.com.br\/2017\/08\/12\/acidente-envolvendo-dois-veiculos-deixa-5-mortos-proximo-a-tabuleiro\/"},"modified":"2017-08-12T12:26:54","modified_gmt":"2017-08-12T15:26:54","slug":"acidente-envolvendo-dois-veiculos-deixa-5-mortos-proximo-a-tabuleiro","status":"publish","type":"post","link":"https:\/\/diarioregionaldigital.com.br\/?p=79047","title":{"rendered":"Acidente envolvendo dois ve\u00edculos deixa 5 mortos pr\u00f3ximo a Tabuleiro"},"content":{"rendered":"<p>Um acidente envolvendo dois ve\u00edculos ocorreu na madrugada deste s\u00e1bado, 12, na rodovia MG 133, na altura do km 10, pr\u00f3ximo a cidade de Tabuleiro.<\/p>\n<p>Segundo informa\u00e7\u00f5es do Corpo de Bombeiros de Juiz de Fora, os dois carros, um da marca Uno e o outro Parati, bateram de frente. A colis\u00e3o gerou inc\u00eandio nos ve\u00edculos. No uno estavam 5 pessoas, do qual uma delas conseguiu sair do ve\u00edculo, as outras 4 v\u00edtimas vieram a \u00f3bito no local, carbonizadas. No Parati estava apenas o condutor, que tamb\u00e9m veio a \u00f3bito no local.<\/p>\n<p>A pista foi interditada por um per\u00edodo, mas j\u00e1 est\u00e1 liberada novamente.<\/p>\n<p>No trecho onde ocorreu o acidente n\u00e3o h\u00e1 comunica\u00e7\u00e3o via r\u00e1dio e nem sinal de celular, assim o Corpo de Bombeiros vem repassando as informa\u00e7\u00f5es sobre o acidente aos poucos.<\/p>\n<p>Novas informa\u00e7\u00f5es ser\u00e3o atualizadas a qualquer momento.<\/p>\n","protected":false},"excerpt":{"rendered":"<p>Um acidente envolvendo dois ve\u00edculos ocorreu na madrugada deste s\u00e1bado, 12, na rodovia MG 133, na altura do km 10, pr\u00f3ximo a cidade de Tabuleiro. Segundo informa\u00e7\u00f5es do Corpo de Bombeiros de Juiz de Fora, os dois carros, um da marca Uno e o outro Parati, bateram de frente. A colis\u00e3o gerou inc\u00eandio nos ve\u00edculos. [&hellip;]<\/p>\n","protected":false},"author":96,"featured_media":79046,"comment_status":"closed","ping_status":"closed","sticky":false,"template":"","format":"standard","meta":{"footnotes":""},"categories":[301],"tags":[],"class_list":["post-79047","post","type-post","status-publish","format-standard","has-post-thumbnail","hentry","category-artigos-policiais"],"_links":{"self":[{"href":"https:\/\/diarioregionaldigital.com.br\/index.php?rest_route=\/wp\/v2\/posts\/79047","targetHints":{"allow":["GET"]}}],"collection":[{"href":"https:\/\/diarioregionaldigital.com.br\/index.php?rest_route=\/wp\/v2\/posts"}],"about":[{"href":"https:\/\/diarioregionaldigital.com.br\/index.php?rest_route=\/wp\/v2\/types\/post"}],"author":[{"embeddable":true,"href":"https:\/\/diarioregionaldigital.com.br\/index.php?rest_route=\/wp\/v2\/users\/96"}],"replies":[{"embeddable":true,"href":"https:\/\/diarioregionaldigital.com.br\/index.php?rest_route=%2Fwp%2Fv2%2Fcomments&post=79047"}],"version-history":[{"count":0,"href":"https:\/\/diarioregionaldigital.com.br\/index.php?rest_route=\/wp\/v2\/posts\/79047\/revisions"}],"wp:featuredmedia":[{"embeddable":true,"href":"https:\/\/diarioregionaldigital.com.br\/index.php?rest_route=\/wp\/v2\/media\/79046"}],"wp:attachment":[{"href":"https:\/\/diarioregionaldigital.com.br\/index.php?rest_route=%2Fwp%2Fv2%2Fmedia&parent=79047"}],"wp:term":[{"taxonomy":"category","embeddable":true,"href":"https:\/\/diarioregionaldigital.com.br\/index.php?rest_route=%2Fwp%2Fv2%2Fcategories&post=79047"},{"taxonomy":"post_tag","embeddable":true,"href":"https:\/\/diarioregionaldigital.com.br\/index.php?rest_route=%2Fwp%2Fv2%2Ftags&post=79047"}],"curies":[{"name":"wp","href":"https:\/\/api.w.org\/{rel}","templated":true}]}}