{"id":78692,"date":"2017-08-07T20:19:37","date_gmt":"2017-08-07T23:19:37","guid":{"rendered":"http:\/\/diarioregionaljf.com.br\/2017\/08\/07\/petrobras-reajustara-diesel-em-0-6-a-partir-desta-terca\/"},"modified":"2017-08-07T20:19:37","modified_gmt":"2017-08-07T23:19:37","slug":"petrobras-reajustara-diesel-em-0-6-a-partir-desta-terca","status":"publish","type":"post","link":"https:\/\/diarioregionaldigital.com.br\/?p=78692","title":{"rendered":"Petrobras reajustar\u00e1 diesel em 0,6% a partir desta ter\u00e7a"},"content":{"rendered":"<p>A Petrobras vai aumentar em 0,6% o pre\u00e7o do diesel nas refinarias a partir desta ter\u00e7a-feira, 8. O pre\u00e7o da gasolina ficar\u00e1 est\u00e1vel.<\/p>\n<p>A nova pol\u00edtica de revis\u00e3o de pre\u00e7os foi divulgada pela petroleira no dia 30 de junho. Com o novo modelo, a Petrobras espera acompanhar as condi\u00e7\u00f5es do mercado e enfrentar a concorr\u00eancia de importadores. Em vez de esperar um m\u00eas para ajustar seus pre\u00e7os, a estatal agora avalia todas as condi\u00e7\u00f5es do mercado para se adaptar, o que pode acontecer diariamente.<\/p>\n<p>Al\u00e9m da concorr\u00eancia, na decis\u00e3o de revis\u00e3o de pre\u00e7os, pesam as informa\u00e7\u00f5es sobre o c\u00e2mbio e as cota\u00e7\u00f5es internacionais.<\/p>\n","protected":false},"excerpt":{"rendered":"<p>A Petrobras vai aumentar em 0,6% o pre\u00e7o do diesel nas refinarias a partir desta ter\u00e7a-feira, 8. O pre\u00e7o da gasolina ficar\u00e1 est\u00e1vel. A nova pol\u00edtica de revis\u00e3o de pre\u00e7os foi divulgada pela petroleira no dia 30 de junho. Com o novo modelo, a Petrobras espera acompanhar as condi\u00e7\u00f5es do mercado e enfrentar a concorr\u00eancia [&hellip;]<\/p>\n","protected":false},"author":96,"featured_media":78691,"comment_status":"closed","ping_status":"closed","sticky":false,"template":"","format":"standard","meta":{"footnotes":""},"categories":[261],"tags":[],"class_list":["post-78692","post","type-post","status-publish","format-standard","has-post-thumbnail","hentry","category-economia"],"_links":{"self":[{"href":"https:\/\/diarioregionaldigital.com.br\/index.php?rest_route=\/wp\/v2\/posts\/78692","targetHints":{"allow":["GET"]}}],"collection":[{"href":"https:\/\/diarioregionaldigital.com.br\/index.php?rest_route=\/wp\/v2\/posts"}],"about":[{"href":"https:\/\/diarioregionaldigital.com.br\/index.php?rest_route=\/wp\/v2\/types\/post"}],"author":[{"embeddable":true,"href":"https:\/\/diarioregionaldigital.com.br\/index.php?rest_route=\/wp\/v2\/users\/96"}],"replies":[{"embeddable":true,"href":"https:\/\/diarioregionaldigital.com.br\/index.php?rest_route=%2Fwp%2Fv2%2Fcomments&post=78692"}],"version-history":[{"count":0,"href":"https:\/\/diarioregionaldigital.com.br\/index.php?rest_route=\/wp\/v2\/posts\/78692\/revisions"}],"wp:featuredmedia":[{"embeddable":true,"href":"https:\/\/diarioregionaldigital.com.br\/index.php?rest_route=\/wp\/v2\/media\/78691"}],"wp:attachment":[{"href":"https:\/\/diarioregionaldigital.com.br\/index.php?rest_route=%2Fwp%2Fv2%2Fmedia&parent=78692"}],"wp:term":[{"taxonomy":"category","embeddable":true,"href":"https:\/\/diarioregionaldigital.com.br\/index.php?rest_route=%2Fwp%2Fv2%2Fcategories&post=78692"},{"taxonomy":"post_tag","embeddable":true,"href":"https:\/\/diarioregionaldigital.com.br\/index.php?rest_route=%2Fwp%2Fv2%2Ftags&post=78692"}],"curies":[{"name":"wp","href":"https:\/\/api.w.org\/{rel}","templated":true}]}}