{"id":78690,"date":"2017-08-07T20:14:21","date_gmt":"2017-08-07T23:14:21","guid":{"rendered":"http:\/\/diarioregionaljf.com.br\/2017\/08\/07\/receita-abre-hoje-a-consulta-ao-3-lote-de-restituicao-do-ir\/"},"modified":"2017-08-07T20:14:21","modified_gmt":"2017-08-07T23:14:21","slug":"receita-abre-hoje-a-consulta-ao-3-lote-de-restituicao-do-ir","status":"publish","type":"post","link":"https:\/\/diarioregionaldigital.com.br\/?p=78690","title":{"rendered":"Receita abre hoje a consulta ao 3\u00ba lote de restitui\u00e7\u00e3o do IR"},"content":{"rendered":"<p>A Receita Federal abre nessa ter\u00e7a-feira, 8, a consulta ao terceiro lote de restitui\u00e7\u00e3o do Imposto de Renda da Pessoa F\u00edsica de 2017. Ser\u00e3o contemplados mais de 2,012 milh\u00f5es de contribuintes, totalizando cerca de R$2,8 bilh\u00f5es em restitui\u00e7\u00e3o. O lote multiexerc\u00edcio de restitui\u00e7\u00e3o do Imposto sobre a Renda da Pessoa F\u00edsica abrange tamb\u00e9m restitui\u00e7\u00f5es residuais dos exerc\u00edcios de 2008 a 2016.<\/p>\n<p>O cr\u00e9dito banc\u00e1rio para os contribuintes ser\u00e1 realizado no dia 15 de agosto. Neste lote, R$210,5 milh\u00f5es ser\u00e3o destinados a contribuintes com prefer\u00eancia para receber a restitui\u00e7\u00e3o: 45.576 idosos e 6.555 pessoas com alguma defici\u00eancia f\u00edsica ou mental ou mol\u00e9stia grave.<\/p>\n<p>Para saber se teve a declara\u00e7\u00e3o liberada, o contribuinte dever\u00e1 acessar a p\u00e1gina da Receita na Internet (www.idg.receita.fazenda.gov.br) ou ligar para o Receitafone 146. Na consulta \u00e0 p\u00e1gina da Receita, servi\u00e7o e-CAC, \u00e9 poss\u00edvel acessar o extrato da declara\u00e7\u00e3o e ver se h\u00e1 inconsist\u00eancias de dados identificadas pelo processamento.<\/p>\n<h4>DECLARA\u00c7\u00c3O RETIFICADORA<\/h4>\n<p>Nesta hip\u00f3tese, o contribuinte pode avaliar as inconsist\u00eancias e fazer a autorregulariza\u00e7\u00e3o, mediante entrega de declara\u00e7\u00e3o retificadora. A Receita disponibiliza, ainda, aplicativo para tablets e smartphones, o que facilita consulta \u00e0s declara\u00e7\u00f5es do contribuinte e situa\u00e7\u00e3o cadastral no Cadastro de Pessoa F\u00edsica (CPF).<\/p>\n<p>A restitui\u00e7\u00e3o ficar\u00e1 dispon\u00edvel no banco durante um ano. Se a pessoas n\u00e3o fizer o resgate neste prazo, dever\u00e1 fazer requerimento por meio da internet, mediante o Formul\u00e1rio Eletr\u00f4nico &#8211; Pedido de Pagamento de Restitui\u00e7\u00e3o, ou diretamente no e-CAC, no servi\u00e7o Extrato do Processamento da DIRPF.<\/p>\n<p>Caso o valor n\u00e3o seja creditado, o contribuinte poder\u00e1 contatar pessoalmente qualquer ag\u00eancia do Banco do Brasil ou ligar para a Central de Atendimento por meio do telefone 4004-0001 (capitais), 0800-729-0001 (demais localidades) e 0800-729-0088 (telefone especial exclusivo para deficientes auditivos) para agendar o cr\u00e9dito em conta-corrente ou poupan\u00e7a, em seu nome, em qualquer banco. Os montantes de restitui\u00e7\u00e3o para cada exerc\u00edcio s\u00e3o corrigidos pela taxa b\u00e1sica de juros, a Selic.<\/p>\n","protected":false},"excerpt":{"rendered":"<p>A Receita Federal abre nessa ter\u00e7a-feira, 8, a consulta ao terceiro lote de restitui\u00e7\u00e3o do Imposto de Renda da Pessoa F\u00edsica de 2017. Ser\u00e3o contemplados mais de 2,012 milh\u00f5es de contribuintes, totalizando cerca de R$2,8 bilh\u00f5es em restitui\u00e7\u00e3o. O lote multiexerc\u00edcio de restitui\u00e7\u00e3o do Imposto sobre a Renda da Pessoa F\u00edsica abrange tamb\u00e9m restitui\u00e7\u00f5es residuais [&hellip;]<\/p>\n","protected":false},"author":96,"featured_media":78689,"comment_status":"closed","ping_status":"closed","sticky":false,"template":"","format":"standard","meta":{"footnotes":""},"categories":[261],"tags":[],"class_list":["post-78690","post","type-post","status-publish","format-standard","has-post-thumbnail","hentry","category-economia"],"_links":{"self":[{"href":"https:\/\/diarioregionaldigital.com.br\/index.php?rest_route=\/wp\/v2\/posts\/78690","targetHints":{"allow":["GET"]}}],"collection":[{"href":"https:\/\/diarioregionaldigital.com.br\/index.php?rest_route=\/wp\/v2\/posts"}],"about":[{"href":"https:\/\/diarioregionaldigital.com.br\/index.php?rest_route=\/wp\/v2\/types\/post"}],"author":[{"embeddable":true,"href":"https:\/\/diarioregionaldigital.com.br\/index.php?rest_route=\/wp\/v2\/users\/96"}],"replies":[{"embeddable":true,"href":"https:\/\/diarioregionaldigital.com.br\/index.php?rest_route=%2Fwp%2Fv2%2Fcomments&post=78690"}],"version-history":[{"count":0,"href":"https:\/\/diarioregionaldigital.com.br\/index.php?rest_route=\/wp\/v2\/posts\/78690\/revisions"}],"wp:featuredmedia":[{"embeddable":true,"href":"https:\/\/diarioregionaldigital.com.br\/index.php?rest_route=\/wp\/v2\/media\/78689"}],"wp:attachment":[{"href":"https:\/\/diarioregionaldigital.com.br\/index.php?rest_route=%2Fwp%2Fv2%2Fmedia&parent=78690"}],"wp:term":[{"taxonomy":"category","embeddable":true,"href":"https:\/\/diarioregionaldigital.com.br\/index.php?rest_route=%2Fwp%2Fv2%2Fcategories&post=78690"},{"taxonomy":"post_tag","embeddable":true,"href":"https:\/\/diarioregionaldigital.com.br\/index.php?rest_route=%2Fwp%2Fv2%2Ftags&post=78690"}],"curies":[{"name":"wp","href":"https:\/\/api.w.org\/{rel}","templated":true}]}}