{"id":78677,"date":"2017-08-07T19:27:00","date_gmt":"2017-08-07T22:27:00","guid":{"rendered":"http:\/\/diarioregionaljf.com.br\/2017\/08\/07\/comissao-da-crianca-e-adolescente-se-reune-com-conselheiros-tutelares\/"},"modified":"2017-08-07T19:27:00","modified_gmt":"2017-08-07T22:27:00","slug":"comissao-da-crianca-e-adolescente-se-reune-com-conselheiros-tutelares","status":"publish","type":"post","link":"https:\/\/diarioregionaldigital.com.br\/?p=78677","title":{"rendered":"Comiss\u00e3o da crian\u00e7a e adolescente se re\u00fane com conselheiros tutelares"},"content":{"rendered":"<p>Integrantes da comiss\u00e3o de Defesa dos Direitos da Crian\u00e7a, do Adolescente e da Juventude se reuniram na sexta-feira, 4, com os conselheiros tutelares para an\u00e1lise dos projetos de lei (PL) voltados para as crian\u00e7as, al\u00e9m de solicitar interven\u00e7\u00e3o devido \u00e0 falta de condi\u00e7\u00f5es de trabalho.<\/p>\n<p>De acordo com os conselheiros, entre os problemas enfrentados est\u00e3o a falta de manuten\u00e7\u00e3o de ve\u00edculos e falta de cr\u00e9dito para os telefones utilizados para dar suporte \u00e0s crian\u00e7as e adolescentes em situa\u00e7\u00f5es de vulnerabilidade.<\/p>\n<p>Outro fator levantado foi as atribui\u00e7\u00f5es dos conselheiros de acordo com o Estatuto da Crian\u00e7a e do Adolescente (ECA) e o trabalho intersetorial para garantir os direitos das crian\u00e7as e adolescentes. Para eles, alguns \u00f3rg\u00e3os confundem certas atribui\u00e7\u00f5es, levando desconforto aos conselheiros que tem a fun\u00e7\u00e3o de zelar pelo bem estar da crian\u00e7a.<\/p>\n<p>Tamb\u00e9m foram discutidos a forma de acolhimento das crian\u00e7as em situa\u00e7\u00e3o de vulnerabilidade na Delegacia e na Casa da Mulher, bem como na delegacia comum. Diante de tal situa\u00e7\u00e3o, foi sugerida a cria\u00e7\u00e3o de uma delegacia espec\u00edfica para estes casos. A ideia ser\u00e1 analisada pela comiss\u00e3o perante os \u00f3rg\u00e3os competentes.<\/p>\n<p>O vereador J\u00falio Obama (PHS), presidente da comiss\u00e3o, prop\u00f4s a possibilidade de abrir um f\u00f3rum de discuss\u00f5es sobre o ECA e o papel dos conselheiros tutelares. \u201cTentaremos a realiza\u00e7\u00e3o deste f\u00f3rum em outubro\u201d, falou.<\/p>\n<p>A comiss\u00e3o tamb\u00e9m se disp\u00f4s em realizar uma visita com os conselheiros junto ao promotor e ao juiz da Vara da Inf\u00e2ncia e Juventude. Participaram da reuni\u00e3o vereador J\u00falio Obama (PHS) e Ana Rossignoli (PMDB).<\/p>\n<p>Fonte: Assessoria<\/p>\n","protected":false},"excerpt":{"rendered":"<p>Integrantes da comiss\u00e3o de Defesa dos Direitos da Crian\u00e7a, do Adolescente e da Juventude se reuniram na sexta-feira, 4, com os conselheiros tutelares para an\u00e1lise dos projetos de lei (PL) voltados para as crian\u00e7as, al\u00e9m de solicitar interven\u00e7\u00e3o devido \u00e0 falta de condi\u00e7\u00f5es de trabalho. De acordo com os conselheiros, entre os problemas enfrentados est\u00e3o [&hellip;]<\/p>\n","protected":false},"author":96,"featured_media":78676,"comment_status":"closed","ping_status":"closed","sticky":false,"template":"","format":"standard","meta":{"footnotes":""},"categories":[254],"tags":[],"class_list":["post-78677","post","type-post","status-publish","format-standard","has-post-thumbnail","hentry","category-politica"],"_links":{"self":[{"href":"https:\/\/diarioregionaldigital.com.br\/index.php?rest_route=\/wp\/v2\/posts\/78677","targetHints":{"allow":["GET"]}}],"collection":[{"href":"https:\/\/diarioregionaldigital.com.br\/index.php?rest_route=\/wp\/v2\/posts"}],"about":[{"href":"https:\/\/diarioregionaldigital.com.br\/index.php?rest_route=\/wp\/v2\/types\/post"}],"author":[{"embeddable":true,"href":"https:\/\/diarioregionaldigital.com.br\/index.php?rest_route=\/wp\/v2\/users\/96"}],"replies":[{"embeddable":true,"href":"https:\/\/diarioregionaldigital.com.br\/index.php?rest_route=%2Fwp%2Fv2%2Fcomments&post=78677"}],"version-history":[{"count":0,"href":"https:\/\/diarioregionaldigital.com.br\/index.php?rest_route=\/wp\/v2\/posts\/78677\/revisions"}],"wp:featuredmedia":[{"embeddable":true,"href":"https:\/\/diarioregionaldigital.com.br\/index.php?rest_route=\/wp\/v2\/media\/78676"}],"wp:attachment":[{"href":"https:\/\/diarioregionaldigital.com.br\/index.php?rest_route=%2Fwp%2Fv2%2Fmedia&parent=78677"}],"wp:term":[{"taxonomy":"category","embeddable":true,"href":"https:\/\/diarioregionaldigital.com.br\/index.php?rest_route=%2Fwp%2Fv2%2Fcategories&post=78677"},{"taxonomy":"post_tag","embeddable":true,"href":"https:\/\/diarioregionaldigital.com.br\/index.php?rest_route=%2Fwp%2Fv2%2Ftags&post=78677"}],"curies":[{"name":"wp","href":"https:\/\/api.w.org\/{rel}","templated":true}]}}