{"id":78276,"date":"2017-07-31T20:02:01","date_gmt":"2017-07-31T23:02:01","guid":{"rendered":"http:\/\/diarioregionaljf.com.br\/2017\/07\/31\/consulta-publica-sobre-atencao-basica-esta-aberta-a-toda-populacao\/"},"modified":"2017-07-31T20:02:01","modified_gmt":"2017-07-31T23:02:01","slug":"consulta-publica-sobre-atencao-basica-esta-aberta-a-toda-populacao","status":"publish","type":"post","link":"https:\/\/diarioregionaldigital.com.br\/?p=78276","title":{"rendered":"Consulta p\u00fablica sobre Aten\u00e7\u00e3o B\u00e1sica est\u00e1 aberta a toda popula\u00e7\u00e3o"},"content":{"rendered":"<p>Est\u00e1 aberta para aprecia\u00e7\u00e3o a proposta do novo texto da Pol\u00edtica Nacional de Aten\u00e7\u00e3o B\u00e1sica (PNAB), que tem como objetivo aperfei\u00e7oar as diretrizes em todo o territ\u00f3rio nacional. As contribui\u00e7\u00f5es para o texto da minuta podem ser enviadas at\u00e9 o dia 6 de agosto (domingo), por meio de formul\u00e1rio online, que pode ser consultado em formsus.datasus.gov.br.<\/p>\n<p>Por meio da consulta, gestores, trabalhadores e usu\u00e1rios do Sistema \u00danico de Sa\u00fade (SUS) t\u00eam a oportunidade de se manifestarem com rela\u00e7\u00e3o a situa\u00e7\u00f5es que ir\u00e3o impactar diretamente no atendimento aos servi\u00e7os de Aten\u00e7\u00e3o Prim\u00e1ria ofertados \u00e0 popula\u00e7\u00e3o.<\/p>\n<p>Segundo a diretora de Pol\u00edticas de Aten\u00e7\u00e3o Prim\u00e1ria \u00e0 Sa\u00fade da Secretaria de Estado de Sa\u00fade de Minas Gerais (SES-MG), Mayla Magalh\u00e3es, a Pol\u00edtica Nacional de Aten\u00e7\u00e3o B\u00e1sica \u00e9 uma conquista para popula\u00e7\u00e3o brasileira e j\u00e1 conta com 10 anos de exist\u00eancia. \u201cAo longo desse tempo, v\u00e1rias mudan\u00e7as ocorreram no cen\u00e1rio da Aten\u00e7\u00e3o Prim\u00e1ria nacional, com o crescente aumento e envolvimento dos movimentos sociais de usu\u00e1rios, trabalhadores e gestores do SUS. Dessa forma, construir momentos de di\u00e1logos com esses atores tornou-se necess\u00e1rio e primordial no processo de constru\u00e7\u00e3o da pol\u00edtica\u201d, afirma.<\/p>\n<p>A consulta p\u00fablica foi uma demanda da \u00faltima reuni\u00e3o da Comiss\u00e3o Intergestores Tripartite (CIT), ocorrida em Bras\u00edlia, no dia 27 de julho de 2017, que permitiu que as contribui\u00e7\u00f5es sobre os fundamentos e diretrizes da Pol\u00edtica Nacional pudessem ser analisadas pelo Departamento de Aten\u00e7\u00e3o B\u00e1sica do Minist\u00e9rio da Sa\u00fade.<\/p>\n<p>\u201cMesmo que haja opini\u00f5es favor\u00e1veis ou contr\u00e1rias aos pontos em discuss\u00e3o, esse \u00e9 o momento de todos manifestarem suas opini\u00f5es, para que possamos construir uma pol\u00edtica que melhor atenda as diferentes realidades do pa\u00eds\u201d, frisa Mayla, sobre a import\u00e2ncia da consulta p\u00fablica como forma de fortalecer o SUS.<\/p>\n<h4>PROPOSTAS DE MUDAN\u00c7AS:<\/h4>\n<p>Dentre as mudan\u00e7as da Pol\u00edtica Nacional de Aten\u00e7\u00e3o B\u00e1sica (PNAB) em discuss\u00e3o, est\u00e3o:<br \/>&#8211; amplia\u00e7\u00e3o das modalidades de equipes apoiadas pelos NASF e das a\u00e7\u00f5es que devem ser realizadas pelos n\u00facleos;<br \/>&#8211; inclus\u00e3o do Gerente de Aten\u00e7\u00e3o B\u00e1sica para o aprimoramento e qualifica\u00e7\u00e3o do processo de trabalho e gest\u00e3o dos servi\u00e7os de aten\u00e7\u00e3o b\u00e1sica;<br \/>&#8211; defini\u00e7\u00e3o de prazo para a implanta\u00e7\u00e3o dos servi\u00e7os de Aten\u00e7\u00e3o B\u00e1sica, ap\u00f3s o processo de credenciamento, para efeitos de financiamento federal;<br \/>&#8211; integra\u00e7\u00e3o dos trabalhos dos agentes comunit\u00e1rios de sa\u00fade com os agentes de endemias;<br \/>&#8211; amplia\u00e7\u00e3o do escopo m\u00ednimo de procedimentos nas Unidades B\u00e1sicas de Sa\u00fade (UBS), e<br \/>&#8211; permiss\u00e3o para que os usu\u00e1rios possam se vincular a mais de uma UBS\/EAB, nas situa\u00e7\u00f5es em que haja necessidade.<\/p>\n<p>Fonte: Ag\u00eancia Minas<\/p>\n","protected":false},"excerpt":{"rendered":"<p>Est\u00e1 aberta para aprecia\u00e7\u00e3o a proposta do novo texto da Pol\u00edtica Nacional de Aten\u00e7\u00e3o B\u00e1sica (PNAB), que tem como objetivo aperfei\u00e7oar as diretrizes em todo o territ\u00f3rio nacional. As contribui\u00e7\u00f5es para o texto da minuta podem ser enviadas at\u00e9 o dia 6 de agosto (domingo), por meio de formul\u00e1rio online, que pode ser consultado em [&hellip;]<\/p>\n","protected":false},"author":96,"featured_media":78275,"comment_status":"closed","ping_status":"closed","sticky":false,"template":"","format":"standard","meta":{"footnotes":""},"categories":[252],"tags":[],"class_list":["post-78276","post","type-post","status-publish","format-standard","has-post-thumbnail","hentry","category-regiao"],"_links":{"self":[{"href":"https:\/\/diarioregionaldigital.com.br\/index.php?rest_route=\/wp\/v2\/posts\/78276","targetHints":{"allow":["GET"]}}],"collection":[{"href":"https:\/\/diarioregionaldigital.com.br\/index.php?rest_route=\/wp\/v2\/posts"}],"about":[{"href":"https:\/\/diarioregionaldigital.com.br\/index.php?rest_route=\/wp\/v2\/types\/post"}],"author":[{"embeddable":true,"href":"https:\/\/diarioregionaldigital.com.br\/index.php?rest_route=\/wp\/v2\/users\/96"}],"replies":[{"embeddable":true,"href":"https:\/\/diarioregionaldigital.com.br\/index.php?rest_route=%2Fwp%2Fv2%2Fcomments&post=78276"}],"version-history":[{"count":0,"href":"https:\/\/diarioregionaldigital.com.br\/index.php?rest_route=\/wp\/v2\/posts\/78276\/revisions"}],"wp:featuredmedia":[{"embeddable":true,"href":"https:\/\/diarioregionaldigital.com.br\/index.php?rest_route=\/wp\/v2\/media\/78275"}],"wp:attachment":[{"href":"https:\/\/diarioregionaldigital.com.br\/index.php?rest_route=%2Fwp%2Fv2%2Fmedia&parent=78276"}],"wp:term":[{"taxonomy":"category","embeddable":true,"href":"https:\/\/diarioregionaldigital.com.br\/index.php?rest_route=%2Fwp%2Fv2%2Fcategories&post=78276"},{"taxonomy":"post_tag","embeddable":true,"href":"https:\/\/diarioregionaldigital.com.br\/index.php?rest_route=%2Fwp%2Fv2%2Ftags&post=78276"}],"curies":[{"name":"wp","href":"https:\/\/api.w.org\/{rel}","templated":true}]}}