{"id":78263,"date":"2017-07-31T19:37:56","date_gmt":"2017-07-31T22:37:56","guid":{"rendered":"http:\/\/diarioregionaljf.com.br\/2017\/07\/31\/despesas-de-custeio-do-governo-federal-caem-7-2\/"},"modified":"2017-07-31T19:37:56","modified_gmt":"2017-07-31T22:37:56","slug":"despesas-de-custeio-do-governo-federal-caem-7-2","status":"publish","type":"post","link":"https:\/\/diarioregionaldigital.com.br\/?p=78263","title":{"rendered":"Despesas de custeio do governo federal caem 7,2%"},"content":{"rendered":"<p>O Minist\u00e9rio do Planejamento, Desenvolvimento e Gest\u00e3o informou que as despesas de custeio (com o funcionamento da m\u00e1quina p\u00fablica) tiveram redu\u00e7\u00e3o real (descontada a infla\u00e7\u00e3o) de 7,2% no primeiro semestre deste ano em compara\u00e7\u00e3o com igual per\u00edodo do ano passado. Nos primeiros seis meses de 2017, os gastos com custeio somaram R$9,96 bilh\u00f5es.<\/p>\n<p>O dado est\u00e1 no Boletim de Custeio Administrativo, documento divulgado trimestralmente pelo Planejamento. Em valores nominais, o custo caiu 3,6% ante o mesmo per\u00edodo do ano passado.<\/p>\n<p>A publica\u00e7\u00e3o divide as despesas em oito categorias. As quedas semestrais mais acentuadas ocorreram nos grupos material de consumo (17,3%) e energia e \u00e1gua (17,3%). Os gastos com loca\u00e7\u00e3o e conserva\u00e7\u00e3o de bens m\u00f3veis ocuparam o terceiro lugar, com queda de 13,8%.<\/p>\n<p>Tamb\u00e9m houve redu\u00e7\u00e3o real nas despesas com comunica\u00e7\u00e3o e processamento de dados (8%), servi\u00e7os de apoio (5,2%) e loca\u00e7\u00e3o e conserva\u00e7\u00e3o de bens im\u00f3veis (4,8%). Por outro lado, as categorias outros servi\u00e7os e di\u00e1rias e passagens registraram alta de gastos na compara\u00e7\u00e3o semestral, respectivamente de 13% e 2,1%.<\/p>\n<p>Para reduzir as despesas de custeio, o governo vem adotando estrat\u00e9gias como o T\u00e1xiGov, servi\u00e7o de transporte de servidores que fica a cargo de uma empresa terceirizada. Dessa forma, n\u00e3o \u00e9 preciso gastar com frota pr\u00f3pria, abastecimento e manuten\u00e7\u00e3o dos ve\u00edculos.<\/p>\n<p>Nos 12 meses encerrados em de junho de 2017, os gastos totais de custeio totalizaram R$34,505 bilh\u00f5es, com redu\u00e7\u00e3o em termos reais de 4,6% em rela\u00e7\u00e3o aos 12 meses anteriores.<\/p>\n<p>Fonte: Ag\u00eancia Brasil<\/p>\n","protected":false},"excerpt":{"rendered":"<p>O Minist\u00e9rio do Planejamento, Desenvolvimento e Gest\u00e3o informou que as despesas de custeio (com o funcionamento da m\u00e1quina p\u00fablica) tiveram redu\u00e7\u00e3o real (descontada a infla\u00e7\u00e3o) de 7,2% no primeiro semestre deste ano em compara\u00e7\u00e3o com igual per\u00edodo do ano passado. Nos primeiros seis meses de 2017, os gastos com custeio somaram R$9,96 bilh\u00f5es. O dado [&hellip;]<\/p>\n","protected":false},"author":96,"featured_media":78262,"comment_status":"closed","ping_status":"closed","sticky":false,"template":"","format":"standard","meta":{"footnotes":""},"categories":[261],"tags":[],"class_list":["post-78263","post","type-post","status-publish","format-standard","has-post-thumbnail","hentry","category-economia"],"_links":{"self":[{"href":"https:\/\/diarioregionaldigital.com.br\/index.php?rest_route=\/wp\/v2\/posts\/78263","targetHints":{"allow":["GET"]}}],"collection":[{"href":"https:\/\/diarioregionaldigital.com.br\/index.php?rest_route=\/wp\/v2\/posts"}],"about":[{"href":"https:\/\/diarioregionaldigital.com.br\/index.php?rest_route=\/wp\/v2\/types\/post"}],"author":[{"embeddable":true,"href":"https:\/\/diarioregionaldigital.com.br\/index.php?rest_route=\/wp\/v2\/users\/96"}],"replies":[{"embeddable":true,"href":"https:\/\/diarioregionaldigital.com.br\/index.php?rest_route=%2Fwp%2Fv2%2Fcomments&post=78263"}],"version-history":[{"count":0,"href":"https:\/\/diarioregionaldigital.com.br\/index.php?rest_route=\/wp\/v2\/posts\/78263\/revisions"}],"wp:featuredmedia":[{"embeddable":true,"href":"https:\/\/diarioregionaldigital.com.br\/index.php?rest_route=\/wp\/v2\/media\/78262"}],"wp:attachment":[{"href":"https:\/\/diarioregionaldigital.com.br\/index.php?rest_route=%2Fwp%2Fv2%2Fmedia&parent=78263"}],"wp:term":[{"taxonomy":"category","embeddable":true,"href":"https:\/\/diarioregionaldigital.com.br\/index.php?rest_route=%2Fwp%2Fv2%2Fcategories&post=78263"},{"taxonomy":"post_tag","embeddable":true,"href":"https:\/\/diarioregionaldigital.com.br\/index.php?rest_route=%2Fwp%2Fv2%2Ftags&post=78263"}],"curies":[{"name":"wp","href":"https:\/\/api.w.org\/{rel}","templated":true}]}}