{"id":78257,"date":"2017-07-31T19:10:41","date_gmt":"2017-07-31T22:10:41","guid":{"rendered":"http:\/\/diarioregionaljf.com.br\/2017\/07\/31\/banco-de-leite-humano-promove-programacao-para-comemorar-o-agosto-dourado\/"},"modified":"2017-07-31T19:10:41","modified_gmt":"2017-07-31T22:10:41","slug":"banco-de-leite-humano-promove-programacao-para-comemorar-o-agosto-dourado","status":"publish","type":"post","link":"https:\/\/diarioregionaldigital.com.br\/?p=78257","title":{"rendered":"Banco de Leite Humano promove programa\u00e7\u00e3o para comemorar o \u201cAgosto Dourado\u201d"},"content":{"rendered":"<p>Entre os dias 1\u00ba e 5 de agosto ser\u00e1 realizada a 25\u00aa Semana Mundial de Aleitamento Materno, promovida pelo Banco de Leite Humano da Secretaria de Sa\u00fade (SS) da Prefeitura de Juiz de Fora (PJF). As atividades abrem as comemora\u00e7\u00f5es do \u201cAgosto Dourado\u201d, que simboliza a luta pelo incentivo \u00e0 amamenta\u00e7\u00e3o. Para refor\u00e7ar a data, durante todo o m\u00eas, os funcion\u00e1rios do Departamento da Sa\u00fade da Crian\u00e7a e do Adolescente (DSCA) utilizar\u00e3o pequeno la\u00e7o dourado na roupa.<\/p>\n<p>De acordo com a coordenadora do Banco de Leite Humano, Bernadete Monteiro Oliveira, o \u201cAgosto Dourado\u201d foi institu\u00eddo para fazer refer\u00eancia a import\u00e2ncia do aleitamento materno. \u201cA cor dourada \u00e9 para mostrar a qualidade do padr\u00e3o ouro que \u00e9 o aleitamento materno\u201d, explica Bernadete.<\/p>\n<p>Nesta ter\u00e7a-feira, 1\u00ba, acontecer\u00e1 um curso para gestantes sobre aleitamento materno. A atividade ser\u00e1 realizada na Cl\u00ednica Cindi, na rua Rei Alberto, 183, Centro, a partir das 13h. As inscri\u00e7\u00f5es s\u00e3o limitadas e dever\u00e3o ser realizadas atrav\u00e9s do telefone (32)3690-7436.<br \/>Nos dias 2 e 3 ser\u00e1 oferecida capacita\u00e7\u00e3o sobre o tema para os funcion\u00e1rios do Hospital Dr. Jo\u00e3o Penido, das 14h \u00e0s 17 h.<\/p>\n<p>Fechando a programa\u00e7\u00e3o da Semana, no s\u00e1bado, 5, a &#8220;Hora do Mama\u00e7o&#8221; acontecer\u00e1 no Parque Halfeld, a partir das 10h, promovendo a amamenta\u00e7\u00e3o livre, mostrando que os espa\u00e7os p\u00fablicos devem ser utilizados, e que esse gesto seja visto como ato cotidiano, parte da rotina de m\u00e3es e beb\u00eas.<\/p>\n<p>A coordenadora informou que o banco de leite est\u00e1 sempre com um estoque baixo e precisa de m\u00e3es que estejam amamentando para fazer doa\u00e7\u00f5es. \u201cQuanto mais leite ela tira, mais leite ela produz e n\u00e3o vai faltar para o beb\u00ea dela\u201d, relata. \u201cSempre temos uma boa expectativa de aumentar o estoque, aumentar as doadoras, sensibilizado as mulheres a doarem\u201d, complementa. A cada litro de leite doado, 10 crian\u00e7as s\u00e3o alimentadas. Este leite \u00e9 utilizado para salvar diversas vidas, uma vez que \u00e9 ofertado para os rec\u00e9m-nascidos internados em Unidades de Terapia Intensiva (UTIs) dos hospitais de Juiz de Fora e regi\u00e3o.<\/p>\n<p>&nbsp;<\/p>\n<h4>PARA DOAR<\/h4>\n<p>A m\u00e3e interessada em ofertar o leite deve entrar em contato com o Banco de Leite Humano atrav\u00e9s do n\u00famero (32)3690-7436 e levar um xerox do cart\u00e3o do pr\u00e9-natal no momento do atendimento. Ela deve estar amamentando e n\u00e3o pode estar tomando nenhum medicamento. Para que as doa\u00e7\u00f5es sejam realizadas de forma segura, o Banco de Leite orienta as lactantes quanto ao processo correto da coleta. O m\u00e9todo \u00e9 explicado por um profissional e uma cartilha \u00e9 entregue no momento da solicita\u00e7\u00e3o, al\u00e9m de um recipiente esterilizado, uma touca e uma m\u00e1scara, para que a retirada do leite seja feita em casa. Caso haja alguma dificuldade, uma equipe estar\u00e1 dispon\u00edvel para auxiliar na recolhida do material na pr\u00f3pria unidade.<\/p>\n<p>O leite deve ser retirado logo ap\u00f3s o beb\u00ea amamentar ou quando as gl\u00e2ndulas mam\u00e1rias estiverem muito cheias, e armazenado na geladeira. Funcion\u00e1rios do pr\u00f3prio Banco recolhem o material na resid\u00eancia das doadoras, uma vez por semana.<\/p>\n","protected":false},"excerpt":{"rendered":"<p>Entre os dias 1\u00ba e 5 de agosto ser\u00e1 realizada a 25\u00aa Semana Mundial de Aleitamento Materno, promovida pelo Banco de Leite Humano da Secretaria de Sa\u00fade (SS) da Prefeitura de Juiz de Fora (PJF). As atividades abrem as comemora\u00e7\u00f5es do \u201cAgosto Dourado\u201d, que simboliza a luta pelo incentivo \u00e0 amamenta\u00e7\u00e3o. Para refor\u00e7ar a data, [&hellip;]<\/p>\n","protected":false},"author":96,"featured_media":78256,"comment_status":"closed","ping_status":"closed","sticky":false,"template":"","format":"standard","meta":{"footnotes":""},"categories":[253],"tags":[],"class_list":["post-78257","post","type-post","status-publish","format-standard","has-post-thumbnail","hentry","category-cidade"],"_links":{"self":[{"href":"https:\/\/diarioregionaldigital.com.br\/index.php?rest_route=\/wp\/v2\/posts\/78257","targetHints":{"allow":["GET"]}}],"collection":[{"href":"https:\/\/diarioregionaldigital.com.br\/index.php?rest_route=\/wp\/v2\/posts"}],"about":[{"href":"https:\/\/diarioregionaldigital.com.br\/index.php?rest_route=\/wp\/v2\/types\/post"}],"author":[{"embeddable":true,"href":"https:\/\/diarioregionaldigital.com.br\/index.php?rest_route=\/wp\/v2\/users\/96"}],"replies":[{"embeddable":true,"href":"https:\/\/diarioregionaldigital.com.br\/index.php?rest_route=%2Fwp%2Fv2%2Fcomments&post=78257"}],"version-history":[{"count":0,"href":"https:\/\/diarioregionaldigital.com.br\/index.php?rest_route=\/wp\/v2\/posts\/78257\/revisions"}],"wp:featuredmedia":[{"embeddable":true,"href":"https:\/\/diarioregionaldigital.com.br\/index.php?rest_route=\/wp\/v2\/media\/78256"}],"wp:attachment":[{"href":"https:\/\/diarioregionaldigital.com.br\/index.php?rest_route=%2Fwp%2Fv2%2Fmedia&parent=78257"}],"wp:term":[{"taxonomy":"category","embeddable":true,"href":"https:\/\/diarioregionaldigital.com.br\/index.php?rest_route=%2Fwp%2Fv2%2Fcategories&post=78257"},{"taxonomy":"post_tag","embeddable":true,"href":"https:\/\/diarioregionaldigital.com.br\/index.php?rest_route=%2Fwp%2Fv2%2Ftags&post=78257"}],"curies":[{"name":"wp","href":"https:\/\/api.w.org\/{rel}","templated":true}]}}