{"id":78078,"date":"2017-07-27T19:59:17","date_gmt":"2017-07-27T22:59:17","guid":{"rendered":"http:\/\/diarioregionaljf.com.br\/2017\/07\/27\/prefeitura-de-muriae-reforca-importancia-da-doacao-de-sangue\/"},"modified":"2017-07-27T19:59:17","modified_gmt":"2017-07-27T22:59:17","slug":"prefeitura-de-muriae-reforca-importancia-da-doacao-de-sangue","status":"publish","type":"post","link":"https:\/\/diarioregionaldigital.com.br\/?p=78078","title":{"rendered":"Prefeitura de Muria\u00e9 refor\u00e7a import\u00e2ncia da doa\u00e7\u00e3o de sangue"},"content":{"rendered":"<p>Nesse per\u00edodo de f\u00e9rias escolares e de baixas temperaturas, o n\u00famero de doadores de sangue fica abaixo da meta no ponto de coleta. Sabendo da import\u00e2ncia da doa\u00e7\u00e3o para manter os estoques e atender a quem precisa, a Prefeitura de Muria\u00e9 est\u00e1 refor\u00e7ando sobre a import\u00e2ncia do gesto, que pode ajudar a salvar at\u00e9 quatro vidas. O sangue \u00e9 insubstitu\u00edvel e somente atrav\u00e9s da doa\u00e7\u00e3o \u00e9 poss\u00edvel suprir essa necessidade.<\/p>\n<p>Normalmente, o posto de coleta recebe entre 100 e 120 doadores por dia de funcionamento. Nesta \u00e9poca do ano, o n\u00famero est\u00e1 reduzido, chegando a 50 e 60. O empres\u00e1rio Ant\u00f4nio Monteiro foi um dos que participou da doa\u00e7\u00e3o da \u00faltima quarta-feira, 26. \u201c\u00c9 sempre muito bom doar sangue, ajudando os que mais precisam. \u00c9 com prazer que participei de mais uma campanha\u201d, contou.<\/p>\n<p>O material coletado na cidade \u00e9 enviado para o hemocentro de Juiz de Fora, que \u00e9 a refer\u00eancia da regi\u00e3o. Os hospitais de Muria\u00e9 solicitam todos os dias bolsas de sangue para abastecer os estoques. \u201cPortanto, o sangue que \u00e9 colhido pela nossa equipe \u00e9 enviado a Juiz de Fora para repor o que \u00e9 utilizado pelos pacientes dos hospitais muriaeenses\u201d, explicou a coordenadora local do Posto Avan\u00e7ado de Coleta Externa (PACE) do Hemominas, Illen Nara Souza.<\/p>\n<h4>DOAR SANGUE \u00c9 DOAR VIDA<\/h4>\n<p>O prefeito Grego visitou o PACE durante a semana e frisou a import\u00e2ncia da doa\u00e7\u00e3o para manter o estoque adequado. \u201cDoar sangue \u00e9 um gesto de solidariedade e de amor ao pr\u00f3ximo. Esse gesto traz mais esperan\u00e7a a milhares de muriaeenses\u201d, disse.<\/p>\n<p>O PACE funciona na Policl\u00ednica Doutor Biagio Montesano, localizado na Avenida Silv\u00e9rio Campos, no bairro Safira. As coletas acontecem \u00e0s quartas-feiras, a cada 15 dias, de 7h30 \u00e0s 15h. A pr\u00f3xima campanha ser\u00e1 realizada no dia 9 de agosto.<\/p>\n<p>Fonte: Assessoria<\/p>\n","protected":false},"excerpt":{"rendered":"<p>Nesse per\u00edodo de f\u00e9rias escolares e de baixas temperaturas, o n\u00famero de doadores de sangue fica abaixo da meta no ponto de coleta. Sabendo da import\u00e2ncia da doa\u00e7\u00e3o para manter os estoques e atender a quem precisa, a Prefeitura de Muria\u00e9 est\u00e1 refor\u00e7ando sobre a import\u00e2ncia do gesto, que pode ajudar a salvar at\u00e9 quatro [&hellip;]<\/p>\n","protected":false},"author":96,"featured_media":78077,"comment_status":"closed","ping_status":"closed","sticky":false,"template":"","format":"standard","meta":{"footnotes":""},"categories":[252],"tags":[],"class_list":["post-78078","post","type-post","status-publish","format-standard","has-post-thumbnail","hentry","category-regiao"],"_links":{"self":[{"href":"https:\/\/diarioregionaldigital.com.br\/index.php?rest_route=\/wp\/v2\/posts\/78078","targetHints":{"allow":["GET"]}}],"collection":[{"href":"https:\/\/diarioregionaldigital.com.br\/index.php?rest_route=\/wp\/v2\/posts"}],"about":[{"href":"https:\/\/diarioregionaldigital.com.br\/index.php?rest_route=\/wp\/v2\/types\/post"}],"author":[{"embeddable":true,"href":"https:\/\/diarioregionaldigital.com.br\/index.php?rest_route=\/wp\/v2\/users\/96"}],"replies":[{"embeddable":true,"href":"https:\/\/diarioregionaldigital.com.br\/index.php?rest_route=%2Fwp%2Fv2%2Fcomments&post=78078"}],"version-history":[{"count":0,"href":"https:\/\/diarioregionaldigital.com.br\/index.php?rest_route=\/wp\/v2\/posts\/78078\/revisions"}],"wp:featuredmedia":[{"embeddable":true,"href":"https:\/\/diarioregionaldigital.com.br\/index.php?rest_route=\/wp\/v2\/media\/78077"}],"wp:attachment":[{"href":"https:\/\/diarioregionaldigital.com.br\/index.php?rest_route=%2Fwp%2Fv2%2Fmedia&parent=78078"}],"wp:term":[{"taxonomy":"category","embeddable":true,"href":"https:\/\/diarioregionaldigital.com.br\/index.php?rest_route=%2Fwp%2Fv2%2Fcategories&post=78078"},{"taxonomy":"post_tag","embeddable":true,"href":"https:\/\/diarioregionaldigital.com.br\/index.php?rest_route=%2Fwp%2Fv2%2Ftags&post=78078"}],"curies":[{"name":"wp","href":"https:\/\/api.w.org\/{rel}","templated":true}]}}