{"id":78076,"date":"2017-07-27T19:57:17","date_gmt":"2017-07-27T22:57:17","guid":{"rendered":"http:\/\/diarioregionaljf.com.br\/2017\/07\/27\/ladroes-assaltam-imobiliaria-em-cataguases-e-sao-presos-antes-de-deixarem-o-local\/"},"modified":"2017-07-27T19:57:17","modified_gmt":"2017-07-27T22:57:17","slug":"ladroes-assaltam-imobiliaria-em-cataguases-e-sao-presos-antes-de-deixarem-o-local","status":"publish","type":"post","link":"https:\/\/diarioregionaldigital.com.br\/?p=78076","title":{"rendered":"Ladr\u00f5es assaltam imobili\u00e1ria em Cataguases e s\u00e3o presos antes de deixarem o local"},"content":{"rendered":"<p>Dois bandidos assaltaram uma imobili\u00e1ria, situada na Avenida Astolfo Dutra, em Cataguases, no final da manh\u00e3 de quinta-feira, 27. Com um rev\u00f3lver calibre 38, totalmente carregado, eles entraram no recinto, que fica no primeiro andar, e anunciaram o assalto, exigindo dos funcion\u00e1rios o dinheiro do caixa e a chave do cofre. Como os trabalhadores disseram que o estabelecimento n\u00e3o possu\u00eda aquele m\u00f3vel, os marginais levaram todos eles para o banheiro, onde foram trancados. Em seguida, eles pegaram uma quantia em dinheiro (ainda n\u00e3o contabilizada) encontrada no caixa e tamb\u00e9m dos empregados, iniciando a fuga, que foi frustrada pela Pol\u00edcia Militar.<\/p>\n<p>Segundo narrou uma das v\u00edtimas \u00e0 reportagem do site Marcelo Lopes, que acompanhou todo o desenrolar dos acontecimentos, quando os assaltantes chegaram na imobili\u00e1ria, uma funcion\u00e1ria, que trabalhava em outro c\u00f4modo do im\u00f3vel, n\u00e3o foi vista por eles e conseguiu deixar o local. Ao sair, ela trancou o port\u00e3o de entrada para impedir que eles fugissem e foi at\u00e9 ao vizinho avisar sobre o ocorrido e ligou para o 190. Minutos depois, diversas viaturas da PM chegaram ao local, coincidindo com o momento da fuga dos homens. Segundo a mesma v\u00edtima, ao perceberem que o port\u00e3o estava trancado, os autores retornaram para a imobili\u00e1ria e tentaram fugir pulando o muro nos fundos. Os militares cercaram os bandidos, que resolveram se entregar.<\/p>\n<p>Os dois ladr\u00f5es presos t\u00eam 32 e 34 anos e s\u00e3o naturais de Leopoldina (mg), sendo que um deles est\u00e1 residindo em Ub\u00e1(MG), conforme ele pr\u00f3prio informou. De acordo com a PM, eles s\u00e3o conhecidos no meio e estariam acompanhados de pelo menos mais um comparsa, que iria lhes dar fuga, mas fugiu antes dos policiais chegarem. A opera\u00e7\u00e3o mobilizou quase todo o efetivo da Pol\u00edcia Militar na cidade, al\u00e9m do setor de Intelig\u00eancia, e foi coordenada pelo Major Alexandre Leal, sub-comandante da 6\u00aa Companhia Independente de Pol\u00edcia Militar de Leopoldina, juntamente com os tenentes Lacerda e Seoldo. N\u00e3o houve feridos, mas os funcion\u00e1rios disseram estar muito assustados e nervosos com o epis\u00f3dio.<\/p>\n<p>Colabora\u00e7\u00e3o: Marcelo Lopes<\/p>\n","protected":false},"excerpt":{"rendered":"<p>Dois bandidos assaltaram uma imobili\u00e1ria, situada na Avenida Astolfo Dutra, em Cataguases, no final da manh\u00e3 de quinta-feira, 27. Com um rev\u00f3lver calibre 38, totalmente carregado, eles entraram no recinto, que fica no primeiro andar, e anunciaram o assalto, exigindo dos funcion\u00e1rios o dinheiro do caixa e a chave do cofre. Como os trabalhadores disseram [&hellip;]<\/p>\n","protected":false},"author":96,"featured_media":78075,"comment_status":"closed","ping_status":"closed","sticky":false,"template":"","format":"standard","meta":{"footnotes":""},"categories":[252],"tags":[],"class_list":["post-78076","post","type-post","status-publish","format-standard","has-post-thumbnail","hentry","category-regiao"],"_links":{"self":[{"href":"https:\/\/diarioregionaldigital.com.br\/index.php?rest_route=\/wp\/v2\/posts\/78076","targetHints":{"allow":["GET"]}}],"collection":[{"href":"https:\/\/diarioregionaldigital.com.br\/index.php?rest_route=\/wp\/v2\/posts"}],"about":[{"href":"https:\/\/diarioregionaldigital.com.br\/index.php?rest_route=\/wp\/v2\/types\/post"}],"author":[{"embeddable":true,"href":"https:\/\/diarioregionaldigital.com.br\/index.php?rest_route=\/wp\/v2\/users\/96"}],"replies":[{"embeddable":true,"href":"https:\/\/diarioregionaldigital.com.br\/index.php?rest_route=%2Fwp%2Fv2%2Fcomments&post=78076"}],"version-history":[{"count":0,"href":"https:\/\/diarioregionaldigital.com.br\/index.php?rest_route=\/wp\/v2\/posts\/78076\/revisions"}],"wp:featuredmedia":[{"embeddable":true,"href":"https:\/\/diarioregionaldigital.com.br\/index.php?rest_route=\/wp\/v2\/media\/78075"}],"wp:attachment":[{"href":"https:\/\/diarioregionaldigital.com.br\/index.php?rest_route=%2Fwp%2Fv2%2Fmedia&parent=78076"}],"wp:term":[{"taxonomy":"category","embeddable":true,"href":"https:\/\/diarioregionaldigital.com.br\/index.php?rest_route=%2Fwp%2Fv2%2Fcategories&post=78076"},{"taxonomy":"post_tag","embeddable":true,"href":"https:\/\/diarioregionaldigital.com.br\/index.php?rest_route=%2Fwp%2Fv2%2Ftags&post=78076"}],"curies":[{"name":"wp","href":"https:\/\/api.w.org\/{rel}","templated":true}]}}