{"id":78074,"date":"2017-07-27T19:52:34","date_gmt":"2017-07-27T22:52:34","guid":{"rendered":"http:\/\/diarioregionaljf.com.br\/2017\/07\/27\/faculdade-de-comunicacao-da-ufjf-esta-com-inscricoes-abertas-para-o-mestrado\/"},"modified":"2017-07-27T19:52:34","modified_gmt":"2017-07-27T22:52:34","slug":"faculdade-de-comunicacao-da-ufjf-esta-com-inscricoes-abertas-para-o-mestrado","status":"publish","type":"post","link":"https:\/\/diarioregionaldigital.com.br\/?p=78074","title":{"rendered":"Faculdade de Comunica\u00e7\u00e3o da UFJF est\u00e1 com inscri\u00e7\u00f5es abertas para o mestrado"},"content":{"rendered":"<p>O Programa de P\u00f3s-gradua\u00e7\u00e3o em Comunica\u00e7\u00e3o da Universidade Federal de Juiz de Fora (PPGCOM\/UFJF) divulgou, no in\u00edcio da semana, o edital para o processo seletivo de admiss\u00e3o de alunos regulares para a turma de 2018.<\/p>\n<p>S\u00e3o 26 vagas para as duas linhas de pesquisa do Programa: \u201cCompet\u00eancia Midi\u00e1tica, Est\u00e9tica e Temporalidade\u201d e \u201cM\u00eddias e Processos Sociais\u201d. As inscri\u00e7\u00f5es come\u00e7aram na segunda-feira, 24, e v\u00e3o at\u00e9 11 de agosto de 2017. Os interessados podem se inscrever presencialmente, na secretaria do PPGCOM, no campus da UFJF , ou por procura\u00e7\u00e3o. A taxa de inscri\u00e7\u00e3o \u00e9 de R$150.<\/p>\n<p>A sele\u00e7\u00e3o ser\u00e1 realizada em cinco etapas: prova escrita, avalia\u00e7\u00e3o da proposta de pesquisa, entrevista\/defesa da proposta de pesquisa, avalia\u00e7\u00e3o do curr\u00edculo Lattes e prova escrita de sufici\u00eancia em l\u00edngua estrangeira.<\/p>\n<p>O edital e todos os anexos necess\u00e1rios para a inscri\u00e7\u00e3o est\u00e3o dispon\u00edveis no site do Programa (www.ufjf.br\/ppgcom).<\/p>\n<p>Fonte: Assessoria<\/p>\n","protected":false},"excerpt":{"rendered":"<p>O Programa de P\u00f3s-gradua\u00e7\u00e3o em Comunica\u00e7\u00e3o da Universidade Federal de Juiz de Fora (PPGCOM\/UFJF) divulgou, no in\u00edcio da semana, o edital para o processo seletivo de admiss\u00e3o de alunos regulares para a turma de 2018. S\u00e3o 26 vagas para as duas linhas de pesquisa do Programa: \u201cCompet\u00eancia Midi\u00e1tica, Est\u00e9tica e Temporalidade\u201d e \u201cM\u00eddias e Processos [&hellip;]<\/p>\n","protected":false},"author":96,"featured_media":0,"comment_status":"closed","ping_status":"closed","sticky":false,"template":"","format":"standard","meta":{"footnotes":""},"categories":[280],"tags":[],"class_list":["post-78074","post","type-post","status-publish","format-standard","hentry","category-concurso"],"_links":{"self":[{"href":"https:\/\/diarioregionaldigital.com.br\/index.php?rest_route=\/wp\/v2\/posts\/78074","targetHints":{"allow":["GET"]}}],"collection":[{"href":"https:\/\/diarioregionaldigital.com.br\/index.php?rest_route=\/wp\/v2\/posts"}],"about":[{"href":"https:\/\/diarioregionaldigital.com.br\/index.php?rest_route=\/wp\/v2\/types\/post"}],"author":[{"embeddable":true,"href":"https:\/\/diarioregionaldigital.com.br\/index.php?rest_route=\/wp\/v2\/users\/96"}],"replies":[{"embeddable":true,"href":"https:\/\/diarioregionaldigital.com.br\/index.php?rest_route=%2Fwp%2Fv2%2Fcomments&post=78074"}],"version-history":[{"count":0,"href":"https:\/\/diarioregionaldigital.com.br\/index.php?rest_route=\/wp\/v2\/posts\/78074\/revisions"}],"wp:attachment":[{"href":"https:\/\/diarioregionaldigital.com.br\/index.php?rest_route=%2Fwp%2Fv2%2Fmedia&parent=78074"}],"wp:term":[{"taxonomy":"category","embeddable":true,"href":"https:\/\/diarioregionaldigital.com.br\/index.php?rest_route=%2Fwp%2Fv2%2Fcategories&post=78074"},{"taxonomy":"post_tag","embeddable":true,"href":"https:\/\/diarioregionaldigital.com.br\/index.php?rest_route=%2Fwp%2Fv2%2Ftags&post=78074"}],"curies":[{"name":"wp","href":"https:\/\/api.w.org\/{rel}","templated":true}]}}