{"id":78034,"date":"2017-07-26T20:15:06","date_gmt":"2017-07-26T23:15:06","guid":{"rendered":"http:\/\/diarioregionaljf.com.br\/2017\/07\/26\/conselho-municipal-realiza-conferencia-para-debater-igualdade-racial\/"},"modified":"2017-07-26T20:15:06","modified_gmt":"2017-07-26T23:15:06","slug":"conselho-municipal-realiza-conferencia-para-debater-igualdade-racial","status":"publish","type":"post","link":"https:\/\/diarioregionaldigital.com.br\/?p=78034","title":{"rendered":"Conselho municipal realiza confer\u00eancia para debater igualdade racial"},"content":{"rendered":"<p>Nesse final de semana ser\u00e1 realizada a quarta edi\u00e7\u00e3o da Confer\u00eancia Municipal da Igualdade Racial, que visa debater quest\u00f5es de igualdade, desenvolvimento social e defesa das minorias. O evento \u00e9 promovido pelo Conselho Municipal pela Igualdade Racial (Compir), atrav\u00e9s da Secretaria de Governo (SG) da Prefeitura de Juiz de Fora (PJF) e acontecer\u00e1 na Escola de Governo, na Rua Maria Perp\u00e9tua, n\u00ba 72, 3\u00ba andar, bairro Ladeira.<\/p>\n<p>As inscri\u00e7\u00f5es s\u00e3o gratuitas e podem ser feitas at\u00e9 esta quinta-feira, 27, entre 14h e 17h30, na Casa dos Conselhos, que fica na Rua Halfeld, n\u00ba 450, 7\u00ba andar, Centro. Mais informa\u00e7\u00f5es podem ser obtidas pelo telefone (32)3690-8389.<\/p>\n<p>Segundo a presidente do Conselho Municipal pela Igualdade Racial, Z\u00e9lia L\u00facia Lima, a confer\u00eancia foi chamada a n\u00edvel nacional, mas a princ\u00edpio foi adiada para 2018. No entanto, o governo de Minas manteve a realiza\u00e7\u00e3o dos eventos estaduais e convocou todos os munic\u00edpios a fazerem a confer\u00eancia \u00e0 n\u00edveis regional ou municipal.<\/p>\n<p>Z\u00e9lia destacou que o objetivo principal \u00e9 debater com a sociedade os pontos relevantes para melhorar a articula\u00e7\u00e3o e o desenvolvimento das pol\u00edticas p\u00fablicas de igualdade racial dentro de Minas Gerais e criar um plano estadual de pol\u00edtica da igualdade racial. \u201c\u00c9 importante esse debate que o governo faz nesse momento em que o Brasil passa por reformas e mudan\u00e7as, momento no qual temos que discutir a posi\u00e7\u00e3o da igualdade racial. Perdemos a Secretaria de Promo\u00e7\u00e3o da Igualdade Racial (Sepir), que tinha o titulo de minist\u00e9rio, e isso dificulta a nossa luta. Precisamos debater, discutir e propor para continuar avan\u00e7ando\u201d, afirma a presidente.<\/p>\n<p>A confer\u00eancia ter\u00e1 como tem\u00e1tica \u201cO Brasil na D\u00e9cada dos Afrodencendentes: Reconhecimento, Justi\u00e7a e Desenvolvimento. Por Nenhum Direito a Menos\u201d. \u201cO tema \u00e9 bastante abrangente. Ser\u00e1 colocado em discuss\u00e3o a cria\u00e7\u00e3o da Sepir e a homologa\u00e7\u00e3o da ONU, que institui, em 2011, a d\u00e9cada do afrodescendente, para se fazer uma reflex\u00e3o de tudo o que aconteceu nos \u00faltimos anos, voltado para a quest\u00e3o da popula\u00e7\u00e3o negra, ind\u00edgena e das minorias, de um modo geral. Esse reconhecimento de justi\u00e7a ser\u00e1 feito a partir de mais pol\u00edticas propostas pela pr\u00f3pria popula\u00e7\u00e3o negra\u201d, relata.<\/p>\n<p>Dentre os temas a serem discutidos na confer\u00eancia , destacam-se o desenvolvimento social; o papel da mulher , prioritariamente a mulher negra, na sociedade; o feminismo; a participa\u00e7\u00e3o nos espa\u00e7os de poder; a juventude; a educa\u00e7\u00e3o, com abordagem da implementa\u00e7\u00e3o das leis que incluem a hist\u00f3ria da \u00e1frica nos ensinos fundamental e m\u00e9dio de todas as escolas p\u00fabicas e particulares e a promo\u00e7\u00e3o da diversidade cultural. \u201cPara debater tudo isso, teremos palestras e vamos nos reunir em grupos, para propor medidas e levar para o poder p\u00fablico avaliar a implementa\u00e7\u00e3o das mesmas\u201d, explica Z\u00e9lia.<\/p>\n<h4>Programa\u00e7\u00e3o completa da Confer\u00eancia<\/h4>\n<p>Sexta-feira, 28<\/p>\n<p>18h30: Credenciamento<br \/>19 horas: Atividade cultural, com apresenta\u00e7\u00f5es do Batuque Afro Brasileiro de Nelson Silva e Rap \u2013 Afrodescendentes<br \/>19h30: Abertura solene<br \/>20 horas: Palestra inaugural &#8211; \u2018O Brasil da D\u00e9cada dos Afrodescendentes: Minas Gerais Promovendo a Igualdade Racial \u2013 Por Nenhum Direito a Menos\u201d, com Martvs das Chagas, soci\u00f3logo, ativista negro e ex-ministro da Igualdade Racial (gest\u00e3o Lula).<\/p>\n<p>S\u00e1bado, 29<\/p>\n<p>8 horas: Credenciamento<br \/>8h45: Atividade cultural<br \/>9 horas: Aprova\u00e7\u00e3o do regimento interno<br \/>9h30: Painel de debates<\/p>\n<p>Debatedores:<\/p>\n<p>Ana Beatriz Querino Souza e Silva, enfermeira supervisora da Unidade de Atendimento Prim\u00e1rio \u00e0 Sa\u00fade (Uaps) do Bairro Olavo Costa, e apoiadora em quest\u00f5es relacionadas \u00e0 sa\u00fade da mulher naSubsecretaria de Aten\u00e7\u00e3o Prim\u00e1ria \u00e0 Sa\u00fade de Juiz de Fora.<br \/>Claudinho Silva, militante do movimento negro e hip hop, foi coordenador de Pol\u00edticas para Juventude na Prefeitura de S\u00e3o Paulo.<\/p>\n<p>Giane Elisa Sales de Almeida, professora, mestre em Educa\u00e7\u00e3o\/ Universidade Federal Fluminense (UFF) e pedagoga\/Universidade Federal de Juiz de Fora (UFJF).<br \/>Eloy Ferreira de Ara\u00fajo, ministro da Igualdade Racial (gest\u00e3o Lula) e ex-presidente da Funda\u00e7\u00e3o Cultural Palmares.<\/p>\n<p>11h30: M\u00edtica e informes<br \/>12 horas: Almo\u00e7o<br \/>13h30: Atividades em grupos<br \/>16 horas: Plen\u00e1ria final e elei\u00e7\u00e3o da delega\u00e7\u00e3o<br \/>17 horas: Encerramento<\/p>\n","protected":false},"excerpt":{"rendered":"<p>Nesse final de semana ser\u00e1 realizada a quarta edi\u00e7\u00e3o da Confer\u00eancia Municipal da Igualdade Racial, que visa debater quest\u00f5es de igualdade, desenvolvimento social e defesa das minorias. O evento \u00e9 promovido pelo Conselho Municipal pela Igualdade Racial (Compir), atrav\u00e9s da Secretaria de Governo (SG) da Prefeitura de Juiz de Fora (PJF) e acontecer\u00e1 na Escola [&hellip;]<\/p>\n","protected":false},"author":96,"featured_media":78033,"comment_status":"closed","ping_status":"closed","sticky":false,"template":"","format":"standard","meta":{"footnotes":""},"categories":[253],"tags":[],"class_list":["post-78034","post","type-post","status-publish","format-standard","has-post-thumbnail","hentry","category-cidade"],"_links":{"self":[{"href":"https:\/\/diarioregionaldigital.com.br\/index.php?rest_route=\/wp\/v2\/posts\/78034","targetHints":{"allow":["GET"]}}],"collection":[{"href":"https:\/\/diarioregionaldigital.com.br\/index.php?rest_route=\/wp\/v2\/posts"}],"about":[{"href":"https:\/\/diarioregionaldigital.com.br\/index.php?rest_route=\/wp\/v2\/types\/post"}],"author":[{"embeddable":true,"href":"https:\/\/diarioregionaldigital.com.br\/index.php?rest_route=\/wp\/v2\/users\/96"}],"replies":[{"embeddable":true,"href":"https:\/\/diarioregionaldigital.com.br\/index.php?rest_route=%2Fwp%2Fv2%2Fcomments&post=78034"}],"version-history":[{"count":0,"href":"https:\/\/diarioregionaldigital.com.br\/index.php?rest_route=\/wp\/v2\/posts\/78034\/revisions"}],"wp:featuredmedia":[{"embeddable":true,"href":"https:\/\/diarioregionaldigital.com.br\/index.php?rest_route=\/wp\/v2\/media\/78033"}],"wp:attachment":[{"href":"https:\/\/diarioregionaldigital.com.br\/index.php?rest_route=%2Fwp%2Fv2%2Fmedia&parent=78034"}],"wp:term":[{"taxonomy":"category","embeddable":true,"href":"https:\/\/diarioregionaldigital.com.br\/index.php?rest_route=%2Fwp%2Fv2%2Fcategories&post=78034"},{"taxonomy":"post_tag","embeddable":true,"href":"https:\/\/diarioregionaldigital.com.br\/index.php?rest_route=%2Fwp%2Fv2%2Ftags&post=78034"}],"curies":[{"name":"wp","href":"https:\/\/api.w.org\/{rel}","templated":true}]}}