{"id":77881,"date":"2017-07-24T22:10:57","date_gmt":"2017-07-25T01:10:57","guid":{"rendered":"http:\/\/diarioregionaljf.com.br\/2017\/07\/24\/tupi-volta-com-a-vice-lideranca-apos-empate-contra-o-ypiranga\/"},"modified":"2017-07-24T22:10:57","modified_gmt":"2017-07-25T01:10:57","slug":"tupi-volta-com-a-vice-lideranca-apos-empate-contra-o-ypiranga","status":"publish","type":"post","link":"https:\/\/diarioregionaldigital.com.br\/?p=77881","title":{"rendered":"Tupi volta com a vice-lideran\u00e7a ap\u00f3s empate contra o Ypiranga"},"content":{"rendered":"<p>O Galo Carij\u00f3 voltou de Erechim-RS com a vice-lideran\u00e7a de seu grupo, na bagagem. O empate pelo placar de 1 a 1 com o Ypiranga deixou o Tupi com 17 pontos, um a menos que o l\u00edder Botafogo, de Ribeir\u00e3o Preto que tem 18. Al\u00e9m disso, o time do treinador A\u00edlton Ferraz n\u00e3o perde h\u00e1 cinco jogos. Agora o duelo \u00e9 contra o Joiville, neste s\u00e1bado, 16h, no M\u00e1rio Hel\u00eanio.<\/p>\n<p>Para esse compromisso, um desfalque \u00e9 certo: o zagueiro Patrick recebeu o terceiro cart\u00e3o amarelo e vai cumprir suspens\u00e3o autom\u00e1tica. O esquema com tr\u00eas zagueiro voltou a funcionar, com destaque para a volta de Edm\u00e1rio que estava de fora dede a derrota para o Mogi Mirim, quando foi expulso. <\/p>\n<p>Todavia, a expectativa \u00e9 pela volta de outros jogadores. Fl\u00e1vio Carvalho e Rafael ficaram em tratamento. Leandro Bras\u00edlia tamb\u00e9m foi poupado. Na quarta, o alvinegro faz treino coletivo no M\u00e1rio Hel\u00eanio e A\u00edlton deve confirmar a forma\u00e7\u00e3o para o jogo de s\u00e1bado.<\/p>\n<p>O Tupi ainda tem 7 jogos e disputa 21 pontos. Uma vit\u00f3ria contra o Joinville-SC, praticamente, garante a perman\u00eancia na S\u00e9rie C e afasta a possibilidade de rebaixamento, o que vai possibiitar focar a classifica\u00e7\u00e3o para o mata-mata decisivo.<\/p>\n<p><strong>Resultados da Rodada 11<\/strong><br \/>Tombense 3 x 2 S\u00e3o Bento<br \/>Mogi Mirim 2 x 2 Botafogo-SP<br \/>Bragantino 1 x 1 Maca\u00e9<br \/>Volta Redonda 0 x 0 Joinville<br \/>Ypiranga 1 x 1 Tupi<\/p>\n<p><strong>Jogos da Rodada 12<\/strong><br \/>s\u00e1bado, 29 julho<br \/>Maca\u00e9 x S\u00e3o Bento \u2013 15h <br \/>Mogi Mirim x Tombense \u2013 15h30<br \/>TUPI x Joinville \u2013 16h<\/p>\n<p>Domingo, 30 de julho<br \/>Ypiranga x Bragantino \u2013 15h<br \/>Botafogo x Volta Redonda \u2013 16h<\/p>\n","protected":false},"excerpt":{"rendered":"<p>O Galo Carij\u00f3 voltou de Erechim-RS com a vice-lideran\u00e7a de seu grupo, na bagagem. O empate pelo placar de 1 a 1 com o Ypiranga deixou o Tupi com 17 pontos, um a menos que o l\u00edder Botafogo, de Ribeir\u00e3o Preto que tem 18. Al\u00e9m disso, o time do treinador A\u00edlton Ferraz n\u00e3o perde h\u00e1 [&hellip;]<\/p>\n","protected":false},"author":96,"featured_media":77880,"comment_status":"closed","ping_status":"closed","sticky":false,"template":"","format":"standard","meta":{"footnotes":""},"categories":[257],"tags":[],"class_list":["post-77881","post","type-post","status-publish","format-standard","has-post-thumbnail","hentry","category-esporte"],"_links":{"self":[{"href":"https:\/\/diarioregionaldigital.com.br\/index.php?rest_route=\/wp\/v2\/posts\/77881","targetHints":{"allow":["GET"]}}],"collection":[{"href":"https:\/\/diarioregionaldigital.com.br\/index.php?rest_route=\/wp\/v2\/posts"}],"about":[{"href":"https:\/\/diarioregionaldigital.com.br\/index.php?rest_route=\/wp\/v2\/types\/post"}],"author":[{"embeddable":true,"href":"https:\/\/diarioregionaldigital.com.br\/index.php?rest_route=\/wp\/v2\/users\/96"}],"replies":[{"embeddable":true,"href":"https:\/\/diarioregionaldigital.com.br\/index.php?rest_route=%2Fwp%2Fv2%2Fcomments&post=77881"}],"version-history":[{"count":0,"href":"https:\/\/diarioregionaldigital.com.br\/index.php?rest_route=\/wp\/v2\/posts\/77881\/revisions"}],"wp:featuredmedia":[{"embeddable":true,"href":"https:\/\/diarioregionaldigital.com.br\/index.php?rest_route=\/wp\/v2\/media\/77880"}],"wp:attachment":[{"href":"https:\/\/diarioregionaldigital.com.br\/index.php?rest_route=%2Fwp%2Fv2%2Fmedia&parent=77881"}],"wp:term":[{"taxonomy":"category","embeddable":true,"href":"https:\/\/diarioregionaldigital.com.br\/index.php?rest_route=%2Fwp%2Fv2%2Fcategories&post=77881"},{"taxonomy":"post_tag","embeddable":true,"href":"https:\/\/diarioregionaldigital.com.br\/index.php?rest_route=%2Fwp%2Fv2%2Ftags&post=77881"}],"curies":[{"name":"wp","href":"https:\/\/api.w.org\/{rel}","templated":true}]}}