{"id":77877,"date":"2017-07-24T21:08:09","date_gmt":"2017-07-25T00:08:09","guid":{"rendered":"http:\/\/diarioregionaljf.com.br\/2017\/07\/24\/nova-lei-trabalhista-traz-mudanca-quanto-a-contribuicao-sindical\/"},"modified":"2017-07-24T21:08:09","modified_gmt":"2017-07-25T00:08:09","slug":"nova-lei-trabalhista-traz-mudanca-quanto-a-contribuicao-sindical","status":"publish","type":"post","link":"https:\/\/diarioregionaldigital.com.br\/?p=77877","title":{"rendered":"Nova lei trabalhista traz mudan\u00e7a quanto \u00e0 contribui\u00e7\u00e3o sindical"},"content":{"rendered":"<p>Com a Reforma Trabalhista, sancionada pelo presidente Michel Temer, um dos pontos que ser\u00e1 modificado \u00e9 a quest\u00e3o da contribui\u00e7\u00e3o sindical. Antes da Reforma a contribui\u00e7\u00e3o sindical era descontada obrigatoriamente da folha de pagamento de todos os empregados, sindicalizados ou n\u00e3o. Com a Reforma a contribui\u00e7\u00e3o passa a ser facultativa. Ou seja, paga quem quer.<\/p>\n<p>De acordo com o presidente do Sindicato do Transporte, Vagner Evangelista Corr\u00eaa, o dinheiro da contribui\u00e7\u00e3o \u00e9 para ser revertido na \u00e1rea social do sindicato. \u201cCom esse dinheiro n\u00f3s oferecemos advogados, tratamentos m\u00e9dicos e outras coisas no \u00e2mbito social para os trabalhadores\u201d, afirma Corr\u00eaa. Por ano \u00e9 descontado R$66 do motorista e R$33 do cobrador esse dinheiro representa um dia de trabalho do trabalhador e \u00e9 repassado para o sindicato 60%.<\/p>\n<p>Para o presidente a n\u00e3o obrigatoriedade dessa contribui\u00e7\u00e3o vai dificultar os trabalhos desenvolvidos pelo sindicato em prol dos trabalhadores. \u201cVamos lutar junto com o trabalhador para poder suprir essa falta e n\u00e3o deixar de oferecer tudo o que oferecemos\u201d.<\/p>\n<p>Segundo o presidente do Sindicato dos Banc\u00e1rios Watoira Ant\u00f4nio o sindicato n\u00e3o concorda com a contribui\u00e7\u00e3o obrigat\u00f3ria e acredita que a melhor contribui\u00e7\u00e3o \u00e9 a voluntaria mesmo sabendo que tem sindicatos que sobrevivem por causa da obrigat\u00f3ria. \u201cSem a contribui\u00e7\u00e3o obrigat\u00f3ria os sindicatos v\u00e3o ter que atrair trabalhadores para se filiar e pagar as mensalidades\u201d, afirma Ant\u00f4nio.<\/p>\n<p>A coordenadora da sub sede em Juiz de Fora do Sindicato dos Professores Estaduais, Vict\u00f3ria Mello, acredita que a contribui\u00e7\u00e3o sindical voluntaria \u00e9 muito importante. \u201cEssa contribui\u00e7\u00e3o sustenta toda a estrutura do sindicato\u201d, afirma Vict\u00f3ria. O sindicato \u00e9 contrario a contribui\u00e7\u00e3o obrigat\u00f3ria por esse motivo eles devolvem essa contribui\u00e7\u00e3o para o trabalhador. Para conseguir mais filiados e arrecadar mais com as contribui\u00e7\u00f5es espont\u00e2neas o sindicato trabalha para defender os direitos da classe.<\/p>\n","protected":false},"excerpt":{"rendered":"<p>Com a Reforma Trabalhista, sancionada pelo presidente Michel Temer, um dos pontos que ser\u00e1 modificado \u00e9 a quest\u00e3o da contribui\u00e7\u00e3o sindical. Antes da Reforma a contribui\u00e7\u00e3o sindical era descontada obrigatoriamente da folha de pagamento de todos os empregados, sindicalizados ou n\u00e3o. Com a Reforma a contribui\u00e7\u00e3o passa a ser facultativa. Ou seja, paga quem quer. [&hellip;]<\/p>\n","protected":false},"author":96,"featured_media":77876,"comment_status":"closed","ping_status":"closed","sticky":false,"template":"","format":"standard","meta":{"footnotes":""},"categories":[253],"tags":[],"class_list":["post-77877","post","type-post","status-publish","format-standard","has-post-thumbnail","hentry","category-cidade"],"_links":{"self":[{"href":"https:\/\/diarioregionaldigital.com.br\/index.php?rest_route=\/wp\/v2\/posts\/77877","targetHints":{"allow":["GET"]}}],"collection":[{"href":"https:\/\/diarioregionaldigital.com.br\/index.php?rest_route=\/wp\/v2\/posts"}],"about":[{"href":"https:\/\/diarioregionaldigital.com.br\/index.php?rest_route=\/wp\/v2\/types\/post"}],"author":[{"embeddable":true,"href":"https:\/\/diarioregionaldigital.com.br\/index.php?rest_route=\/wp\/v2\/users\/96"}],"replies":[{"embeddable":true,"href":"https:\/\/diarioregionaldigital.com.br\/index.php?rest_route=%2Fwp%2Fv2%2Fcomments&post=77877"}],"version-history":[{"count":0,"href":"https:\/\/diarioregionaldigital.com.br\/index.php?rest_route=\/wp\/v2\/posts\/77877\/revisions"}],"wp:featuredmedia":[{"embeddable":true,"href":"https:\/\/diarioregionaldigital.com.br\/index.php?rest_route=\/wp\/v2\/media\/77876"}],"wp:attachment":[{"href":"https:\/\/diarioregionaldigital.com.br\/index.php?rest_route=%2Fwp%2Fv2%2Fmedia&parent=77877"}],"wp:term":[{"taxonomy":"category","embeddable":true,"href":"https:\/\/diarioregionaldigital.com.br\/index.php?rest_route=%2Fwp%2Fv2%2Fcategories&post=77877"},{"taxonomy":"post_tag","embeddable":true,"href":"https:\/\/diarioregionaldigital.com.br\/index.php?rest_route=%2Fwp%2Fv2%2Ftags&post=77877"}],"curies":[{"name":"wp","href":"https:\/\/api.w.org\/{rel}","templated":true}]}}