{"id":77454,"date":"2017-07-17T23:20:56","date_gmt":"2017-07-18T02:20:56","guid":{"rendered":"http:\/\/diarioregionaljf.com.br\/2017\/07\/17\/mapro-e-um-dos-pontos-de-distribuicao-de-postais-do-projeto-jfpramim\/"},"modified":"2017-07-17T23:20:56","modified_gmt":"2017-07-18T02:20:56","slug":"mapro-e-um-dos-pontos-de-distribuicao-de-postais-do-projeto-jfpramim","status":"publish","type":"post","link":"https:\/\/diarioregionaldigital.com.br\/?p=77454","title":{"rendered":"Mapro \u00e9 um dos postos de distribui\u00e7\u00e3o de postais do projeto \u201c#JFpramim\u201d"},"content":{"rendered":"<p>A partir desta ter\u00e7a-feira, 18, quem visitar a Galeria \u201cMaria Am\u00e1lia\u201d, no Pr\u00e9dio \u201cMariano Proc\u00f3pio\u201d, no complexo do Museu Mariano Proc\u00f3pio, poder\u00e1 receber postais da cole\u00e7\u00e3o do projeto \u201c#JFpramim\u201d. A institui\u00e7\u00e3o foi escolhida como um dos locais de distribui\u00e7\u00e3o dos postais, que registram diferentes pontos da cidade. Concurso promovido este ano pelo projeto \u201cJF pra mim\u201d selecionou dez fotografias, dentro da proposta de criar colet\u00e2nea de postais com imagens que retratassem a cidade, atrav\u00e9s de diferentes olhares. Cada postal est\u00e1 distribu\u00eddo em local cultural. Para ter a cole\u00e7\u00e3o completa, basta explorar a cidade e aproveitar para conhecer o lugar. No Museu, os postais recebidos exibem trabalhos dos fot\u00f3grafos Daniel Torres, Rodrigo Neves e Gustavo Tempone. A distribui\u00e7\u00e3o \u00e9 gratuita.<\/p>\n<p>O \u201c#JFpramim&#8221; \u00e9 um projeto cultural colaborativo, criado em 2015, viabilizado por meio da Lei de Incentivo \u00e0 Cultura Murilo Mendes. J\u00e1 realizou diferentes a\u00e7\u00f5es, entre elas, interven\u00e7\u00f5es urbanas e exposi\u00e7\u00f5es. A iniciativa \u00e9 fazer com que as pessoas se atentem para a cidade e seus detalhes. Segundo Lucas Gamonal, turism\u00f3logo e um dos idealizadores do projeto, as imagens foram expostas em v\u00e1rios pontos da cidade, como interven\u00e7\u00f5es abertas ao publico: \u201cA proposta \u00e9 valorizar a cidade atrav\u00e9s dos registros, tornando poss\u00edvel o reconhecimento de espa\u00e7os pelos juiz-foranos\u201d.<\/p>\n<p>A Galeria \u201cMaria Am\u00e1lia\u201d est\u00e1 aberta \u00e0 visita\u00e7\u00e3o de ter\u00e7a a sexta-feira, das 10 \u00e0s 17 horas, com entrada gratuita. O parque do Museu Mariano Proc\u00f3pio funciona de ter\u00e7a-feira a domingo, das 8h \u00e0s 18h. O acesso pela Rua Dom Pedro II est\u00e1 aberto tamb\u00e9m nestes mesmos dias, das 8h \u00e0s 17h.<\/p>\n<h4>Pontos de distribui\u00e7\u00e3o dos postais<\/h4>\n<p>&#8211; Casa d&#8217;Italia<br \/>&#8211; Cine Theatro Central<br \/>&#8211; F\u00f3rum da Cultura<br \/>&#8211; Funda\u00e7\u00e3o Cultural Alfredo Ferreira Lage (Funalfa)<br \/>&#8211; Museu Mariano Proc\u00f3pio<br \/>&#8211; Museu Ferrovi\u00e1rio<br \/>&#8211; Museu Murilo Mendes<br \/>&#8211; O Andar De Baixo<br \/>&#8211; Pra\u00e7a do Centro de Artes e Esportes Unificados (CEU)<\/p>\n<p>&nbsp;<\/p>\n<p>Fonte: Assessoria<\/p>\n","protected":false},"excerpt":{"rendered":"<p>A partir desta ter\u00e7a-feira, 18, quem visitar a Galeria \u201cMaria Am\u00e1lia\u201d, no Pr\u00e9dio \u201cMariano Proc\u00f3pio\u201d, no complexo do Museu Mariano Proc\u00f3pio, poder\u00e1 receber postais da cole\u00e7\u00e3o do projeto \u201c#JFpramim\u201d. A institui\u00e7\u00e3o foi escolhida como um dos locais de distribui\u00e7\u00e3o dos postais, que registram diferentes pontos da cidade. Concurso promovido este ano pelo projeto \u201cJF pra [&hellip;]<\/p>\n","protected":false},"author":96,"featured_media":77453,"comment_status":"closed","ping_status":"closed","sticky":false,"template":"","format":"standard","meta":{"footnotes":""},"categories":[253],"tags":[],"class_list":["post-77454","post","type-post","status-publish","format-standard","has-post-thumbnail","hentry","category-cidade"],"_links":{"self":[{"href":"https:\/\/diarioregionaldigital.com.br\/index.php?rest_route=\/wp\/v2\/posts\/77454","targetHints":{"allow":["GET"]}}],"collection":[{"href":"https:\/\/diarioregionaldigital.com.br\/index.php?rest_route=\/wp\/v2\/posts"}],"about":[{"href":"https:\/\/diarioregionaldigital.com.br\/index.php?rest_route=\/wp\/v2\/types\/post"}],"author":[{"embeddable":true,"href":"https:\/\/diarioregionaldigital.com.br\/index.php?rest_route=\/wp\/v2\/users\/96"}],"replies":[{"embeddable":true,"href":"https:\/\/diarioregionaldigital.com.br\/index.php?rest_route=%2Fwp%2Fv2%2Fcomments&post=77454"}],"version-history":[{"count":0,"href":"https:\/\/diarioregionaldigital.com.br\/index.php?rest_route=\/wp\/v2\/posts\/77454\/revisions"}],"wp:featuredmedia":[{"embeddable":true,"href":"https:\/\/diarioregionaldigital.com.br\/index.php?rest_route=\/wp\/v2\/media\/77453"}],"wp:attachment":[{"href":"https:\/\/diarioregionaldigital.com.br\/index.php?rest_route=%2Fwp%2Fv2%2Fmedia&parent=77454"}],"wp:term":[{"taxonomy":"category","embeddable":true,"href":"https:\/\/diarioregionaldigital.com.br\/index.php?rest_route=%2Fwp%2Fv2%2Fcategories&post=77454"},{"taxonomy":"post_tag","embeddable":true,"href":"https:\/\/diarioregionaldigital.com.br\/index.php?rest_route=%2Fwp%2Fv2%2Ftags&post=77454"}],"curies":[{"name":"wp","href":"https:\/\/api.w.org\/{rel}","templated":true}]}}