{"id":77425,"date":"2017-07-17T20:20:00","date_gmt":"2017-07-17T23:20:00","guid":{"rendered":"http:\/\/diarioregionaljf.com.br\/2017\/07\/17\/abaixo-assinado-eletronico-pede-a-orgaos-publicos-revisao-do-plano-diretor-de-muriae\/"},"modified":"2017-07-17T20:20:00","modified_gmt":"2017-07-17T23:20:00","slug":"abaixo-assinado-eletronico-pede-a-orgaos-publicos-revisao-do-plano-diretor-de-muriae","status":"publish","type":"post","link":"https:\/\/diarioregionaldigital.com.br\/?p=77425","title":{"rendered":"Abaixo-assinado eletr\u00f4nico pede a \u00f3rg\u00e3os p\u00fablicos revis\u00e3o do Plano Diretor de Muria\u00e9"},"content":{"rendered":"<p>Est\u00e1 dispon\u00edvel na internet um abaixo-assinado que solicita aos \u00f3rg\u00e3os p\u00fablicos de Muria\u00e9 provid\u00eancias para a revis\u00e3o do Plano Diretor do munic\u00edpio, que tem como objetivo fazer um planejamento para os pr\u00f3ximos 10 anos.<\/p>\n<p>De acordo com a p\u00e1gina, criada por um internauta, o Plano Diretor de Muria\u00e9 est\u00e1 desatualizado e deveria ter sido revisado at\u00e9 17 de outubro do ano passado, conforme determinam a Lei Federal N\u00ba 10.257\/2001 e a Lei Municipal N\u00ba 3.377\/2006.<\/p>\n<p>As assinaturas ser\u00e3o entregues ao Conselho Municipal de Planejamento e Desenvolvimento &#8211; COMUPLAN, Prefeitura Municipal de Muria\u00e9, C\u00e2mara Municipal de Muria\u00e9 e Minist\u00e9rio P\u00fablico &#8211; Comarca de Muria\u00e9.<\/p>\n<p>O Plano Diretor \u00e9 uma exig\u00eancia da Constitui\u00e7\u00e3o Federal e trata-se de um instrumento da pol\u00edtica de desenvolvimento e de expans\u00e3o urbana, que deve orientar o desenvolvimento e o funcionamento das cidades nos mais variados setores.<\/p>\n<p>O documento pode ser acessado no site <a href=\"http:\/\/www.peticaopublica.com.br\/pview.aspx?pi=BR100737\" target=\"_blank\" rel=\"noopener noreferrer\">www.peticaopublica.com.br<\/a>.<\/p>\n<p>&nbsp;<\/p>\n<p>Da reda\u00e7\u00e3o\/Colabora\u00e7\u00e3o R\u00e1dio Muria\u00e9<\/p>\n","protected":false},"excerpt":{"rendered":"<p>Est\u00e1 dispon\u00edvel na internet um abaixo-assinado que solicita aos \u00f3rg\u00e3os p\u00fablicos de Muria\u00e9 provid\u00eancias para a revis\u00e3o do Plano Diretor do munic\u00edpio, que tem como objetivo fazer um planejamento para os pr\u00f3ximos 10 anos. De acordo com a p\u00e1gina, criada por um internauta, o Plano Diretor de Muria\u00e9 est\u00e1 desatualizado e deveria ter sido revisado [&hellip;]<\/p>\n","protected":false},"author":96,"featured_media":77424,"comment_status":"closed","ping_status":"closed","sticky":false,"template":"","format":"standard","meta":{"footnotes":""},"categories":[252],"tags":[],"class_list":["post-77425","post","type-post","status-publish","format-standard","has-post-thumbnail","hentry","category-regiao"],"_links":{"self":[{"href":"https:\/\/diarioregionaldigital.com.br\/index.php?rest_route=\/wp\/v2\/posts\/77425","targetHints":{"allow":["GET"]}}],"collection":[{"href":"https:\/\/diarioregionaldigital.com.br\/index.php?rest_route=\/wp\/v2\/posts"}],"about":[{"href":"https:\/\/diarioregionaldigital.com.br\/index.php?rest_route=\/wp\/v2\/types\/post"}],"author":[{"embeddable":true,"href":"https:\/\/diarioregionaldigital.com.br\/index.php?rest_route=\/wp\/v2\/users\/96"}],"replies":[{"embeddable":true,"href":"https:\/\/diarioregionaldigital.com.br\/index.php?rest_route=%2Fwp%2Fv2%2Fcomments&post=77425"}],"version-history":[{"count":0,"href":"https:\/\/diarioregionaldigital.com.br\/index.php?rest_route=\/wp\/v2\/posts\/77425\/revisions"}],"wp:featuredmedia":[{"embeddable":true,"href":"https:\/\/diarioregionaldigital.com.br\/index.php?rest_route=\/wp\/v2\/media\/77424"}],"wp:attachment":[{"href":"https:\/\/diarioregionaldigital.com.br\/index.php?rest_route=%2Fwp%2Fv2%2Fmedia&parent=77425"}],"wp:term":[{"taxonomy":"category","embeddable":true,"href":"https:\/\/diarioregionaldigital.com.br\/index.php?rest_route=%2Fwp%2Fv2%2Fcategories&post=77425"},{"taxonomy":"post_tag","embeddable":true,"href":"https:\/\/diarioregionaldigital.com.br\/index.php?rest_route=%2Fwp%2Fv2%2Ftags&post=77425"}],"curies":[{"name":"wp","href":"https:\/\/api.w.org\/{rel}","templated":true}]}}