{"id":77423,"date":"2017-07-17T20:17:27","date_gmt":"2017-07-17T23:17:27","guid":{"rendered":"http:\/\/diarioregionaljf.com.br\/2017\/07\/17\/moradores-reclamam-de-calcadas-quebradas-no-bairro-santo-antonio\/"},"modified":"2017-07-17T20:17:27","modified_gmt":"2017-07-17T23:17:27","slug":"moradores-reclamam-de-calcadas-quebradas-no-bairro-santo-antonio","status":"publish","type":"post","link":"https:\/\/diarioregionaldigital.com.br\/?p=77423","title":{"rendered":"Moradores reclamam de cal\u00e7adas quebradas no bairro Santo Ant\u00f4nio"},"content":{"rendered":"<p>Os moradores do bairro Santo Ant\u00f4nio est\u00e3o tendo dificuldade de transitar nas cal\u00e7adas da entrada do local. Segundo informa\u00e7\u00f5es da aposentada Ione Drumont, o passeio de um dos lados da rua Francisco Cerqueira Cruzeiro est\u00e3o quebradas no trecho entre a Padaria Marbel, na entrada do bairro, at\u00e9 a igreja Santo Ant\u00f4nio. \u201cEm diversos pontos deste trecho,do lado esquerdo para quem sobe, h\u00e1 muitos problemas relacionados \u00e0s cal\u00e7adas. Muitas est\u00e3o esburacadas, com barro, mato e encanamentos estourados. Al\u00e9m disso muitos moradores tem estacionado em cima das cal\u00e7adas e outros deixam materiais de constru\u00e7\u00e3o, entulhos e outros materiais em cima do passeio\u201d, relata.<\/p>\n<p>Esses fatores atrapalham a passagem pelo local. No trecho transitam muitas m\u00e3es que levam os filhos para a escola e pessoas que est\u00e3o indo trabalhar. Todos est\u00e3o tendo que andar pela rua para desviar dos obst\u00e1culos nas cal\u00e7adas, correndo o risco de sofrerem acidentes com carro, \u00f4nibus e caminh\u00f5es que passam pelo local.<\/p>\n<p>A Secretaria de Atividades Urbanas (SAU) respondeu, por meio de nota, que a responsabilidade de manuten\u00e7\u00e3o das cal\u00e7adas \u00e9 dos moradores e informou que as denuncias podem ser feitas na Regional de Fiscaliza\u00e7\u00e3o ou no Espa\u00e7o Cidad\u00e3o.<\/p>\n<p>Foi informado, ainda, que a SAU e a Secretaria de Obras j\u00e1 estiveram no local v\u00e1rias vezes e j\u00e1 foram emitidos documentos para o respons\u00e1vel sobre a coloca\u00e7\u00e3o de pedras.<\/p>\n","protected":false},"excerpt":{"rendered":"<p>Os moradores do bairro Santo Ant\u00f4nio est\u00e3o tendo dificuldade de transitar nas cal\u00e7adas da entrada do local. Segundo informa\u00e7\u00f5es da aposentada Ione Drumont, o passeio de um dos lados da rua Francisco Cerqueira Cruzeiro est\u00e3o quebradas no trecho entre a Padaria Marbel, na entrada do bairro, at\u00e9 a igreja Santo Ant\u00f4nio. \u201cEm diversos pontos deste [&hellip;]<\/p>\n","protected":false},"author":96,"featured_media":77422,"comment_status":"closed","ping_status":"closed","sticky":false,"template":"","format":"standard","meta":{"footnotes":""},"categories":[253],"tags":[],"class_list":["post-77423","post","type-post","status-publish","format-standard","has-post-thumbnail","hentry","category-cidade"],"_links":{"self":[{"href":"https:\/\/diarioregionaldigital.com.br\/index.php?rest_route=\/wp\/v2\/posts\/77423","targetHints":{"allow":["GET"]}}],"collection":[{"href":"https:\/\/diarioregionaldigital.com.br\/index.php?rest_route=\/wp\/v2\/posts"}],"about":[{"href":"https:\/\/diarioregionaldigital.com.br\/index.php?rest_route=\/wp\/v2\/types\/post"}],"author":[{"embeddable":true,"href":"https:\/\/diarioregionaldigital.com.br\/index.php?rest_route=\/wp\/v2\/users\/96"}],"replies":[{"embeddable":true,"href":"https:\/\/diarioregionaldigital.com.br\/index.php?rest_route=%2Fwp%2Fv2%2Fcomments&post=77423"}],"version-history":[{"count":0,"href":"https:\/\/diarioregionaldigital.com.br\/index.php?rest_route=\/wp\/v2\/posts\/77423\/revisions"}],"wp:featuredmedia":[{"embeddable":true,"href":"https:\/\/diarioregionaldigital.com.br\/index.php?rest_route=\/wp\/v2\/media\/77422"}],"wp:attachment":[{"href":"https:\/\/diarioregionaldigital.com.br\/index.php?rest_route=%2Fwp%2Fv2%2Fmedia&parent=77423"}],"wp:term":[{"taxonomy":"category","embeddable":true,"href":"https:\/\/diarioregionaldigital.com.br\/index.php?rest_route=%2Fwp%2Fv2%2Fcategories&post=77423"},{"taxonomy":"post_tag","embeddable":true,"href":"https:\/\/diarioregionaldigital.com.br\/index.php?rest_route=%2Fwp%2Fv2%2Ftags&post=77423"}],"curies":[{"name":"wp","href":"https:\/\/api.w.org\/{rel}","templated":true}]}}