{"id":77419,"date":"2017-07-17T20:04:33","date_gmt":"2017-07-17T23:04:33","guid":{"rendered":"http:\/\/diarioregionaljf.com.br\/2017\/07\/17\/cataguases-sedia-encontro-de-culturas-com-presenca-de-capoeiristas-de-todo-o-pais\/"},"modified":"2017-07-17T20:04:33","modified_gmt":"2017-07-17T23:04:33","slug":"cataguases-sedia-encontro-de-culturas-com-presenca-de-capoeiristas-de-todo-o-pais","status":"publish","type":"post","link":"https:\/\/diarioregionaldigital.com.br\/?p=77419","title":{"rendered":"Cataguases sedia \u201cEncontro de Culturas\u201d com a presen\u00e7a de capoeiristas de todo o pa\u00eds"},"content":{"rendered":"<p>No \u00faltimo final de semana, mais de duzentos capoeiristas do pa\u00eds estiveram em Cataguases participando do \u201cEncontro de Culturais 2017\u201d. Promovido pelo grupo cataguasense Abad\u00e1, com apoio da Prefeitura, por meio da Secretaria de Esportes, o evento contou com a presen\u00e7a do renomado capoeirista baiano, radicado no Rio de Janeiro, Jos\u00e9 Tadeu Carneiro Cardoso, o Mestre Camisa. Aos 62 anos de idade, dos quais mais de 50 dedicados a essa arte, Mestre Camisa \u00e9 o fundador da Associa\u00e7\u00e3o Brasileira de Apoio e Desenvolvimento da Arte Capoeira, que atualmente est\u00e1 presente em mais de sessenta pa\u00edses, os quais ele j\u00e1 percorreu divulgando a capoeira mundo afora. O capoeirista esteve pela primeira vez em Cataguases para ministrar um curso de aperfei\u00e7oamento.<\/p>\n<p>A solenidade de abertura do Encontro aconteceu na noite de quinta-feira, 13, no audit\u00f3rio da Escola Estadual Manoel In\u00e1cio Peixoto. Contou com a participa\u00e7\u00e3o de alunos e seus familiares, instrutores, admiradores e incentivadores da capoeira. Na sequ\u00eancia, uma roda de conversa entre educadores e profissionais das \u00e1reas da psicologia e educa\u00e7\u00e3o f\u00edsica discutiu a import\u00e2ncia dessa atividade para crian\u00e7as e jovens. \u201cDebatemos os valores da capoeira e seu envolvimento na forma\u00e7\u00e3o da cidadania, seu papel na disciplina, na concentra\u00e7\u00e3o, inclusive para as crian\u00e7as especiais\u201d, detalhou o instrutor Maycon Vilela Alves, o popular Chin\u00eas, que esteve \u00e0 frente da organiza\u00e7\u00e3o do evento, juntamente com o instrutor Francisco de Assis, o Tico Preto.<\/p>\n<p>Na sexta-feira, 14, no Gin\u00e1sio Poliesportivo Municipal, centenas de alunos de Cataguases e de v\u00e1rias outras cidades participaram do curso conduzido por Mestre Camisa. No s\u00e1bado, ap\u00f3s uma aula na Pra\u00e7a de Esportes, aconteceu a \u201cCaminhada Cultural\u201d, uma visita guiada pela professora Virg\u00ednia Ribeiro, do Departamento Municipal do Patrim\u00f4nio Hist\u00f3rico e Art\u00edstico de Cataguases (DEMPHAC). Ap\u00f3s novas aulas e reuni\u00f5es com instrutores durante todo o dia de s\u00e1bado, no Gin\u00e1sio Polipestivo, \u00e0 noite, a Pra\u00e7a da Esta\u00e7\u00e3o foi palco do \u201cEncontro de Culturas\u201d, com performances de grupos de folias de reis, caxambu, mineiro-pau, dan\u00e7a afro, maculel\u00ea e, \u00e9 claro, shows com mais de duzentos capoeiristas em a\u00e7\u00e3o, numa apresenta\u00e7\u00e3o que contou com o apoio da Catrans.<\/p>\n<p>O evento terminou no domingo, 15, no Centro Cultural Humberto Mauro, com a t\u00e3o aguardada Troca de Cordas, cerim\u00f4nia de gradua\u00e7\u00e3o de 70 alunos de Cataguases, grande parte deles integrante do projeto \u201cBom Capoeirista Cidad\u00e3o Consciente\u201d, idealizado e desenvolvido pelo instrutor Chin\u00eas, e que funciona nos bairros S\u00e3o Diniz e S\u00e3o Marcos.\u201cEste evento \u00e9 muito importante para a cidade, por mostrar o verdadeiro sentido da capoeira, como arte rica, s\u00e9ria e profissional. Muitas vezes, as pessoas mal conhecem ou ainda n\u00e3o vem a capoeira com bons olhos. Precisamos fazer novos eventos como esse, mostrando-a como arte da resist\u00eancia, fazendo com que as pessoas entendam a capoeira e saibam tirar dela o que h\u00e1 de melhor: o esporte, a sa\u00fade, o bem-estar, a disciplina, a educa\u00e7\u00e3o e o respeito ao pr\u00f3ximo\u201d, disse Chin\u00eas, 29 anos, 15 deles dedicado \u00e0 capoeira e campe\u00e3o brasileiro no ano passado.<\/p>\n<p>Para o Secret\u00e1rio Municipal de Esportes, Jos\u00e9 V\u00edtor Lima, este encontro foi importante tanto para divulgar a arte da capoeira quanto para confirmar a voca\u00e7\u00e3o de Cataguases em sediar grandes eventos esportivos e culturais. \u201cParab\u00e9ns aos instrutores Tico Preto e Chin\u00eas pela iniciativa e por conseguirem trazer at\u00e9 n\u00f3s uma personalidade que \u00e9 o Mestre Camisa. Tudo isso contribui para tamb\u00e9m elevar o nome de Cataguases como vitrine, e capaz de repercutir o que h\u00e1 melhor no esporte e na cultura, tal como a proposta da Administra\u00e7\u00e3o Municipal\u201d, afirmou Jos\u00e9 V\u00edtor.<\/p>\n<p>&nbsp;<\/p>\n<p>Fonte: Assessoria<\/p>\n","protected":false},"excerpt":{"rendered":"<p>No \u00faltimo final de semana, mais de duzentos capoeiristas do pa\u00eds estiveram em Cataguases participando do \u201cEncontro de Culturais 2017\u201d. Promovido pelo grupo cataguasense Abad\u00e1, com apoio da Prefeitura, por meio da Secretaria de Esportes, o evento contou com a presen\u00e7a do renomado capoeirista baiano, radicado no Rio de Janeiro, Jos\u00e9 Tadeu Carneiro Cardoso, o [&hellip;]<\/p>\n","protected":false},"author":96,"featured_media":77418,"comment_status":"closed","ping_status":"closed","sticky":false,"template":"","format":"standard","meta":{"footnotes":""},"categories":[252],"tags":[],"class_list":["post-77419","post","type-post","status-publish","format-standard","has-post-thumbnail","hentry","category-regiao"],"_links":{"self":[{"href":"https:\/\/diarioregionaldigital.com.br\/index.php?rest_route=\/wp\/v2\/posts\/77419","targetHints":{"allow":["GET"]}}],"collection":[{"href":"https:\/\/diarioregionaldigital.com.br\/index.php?rest_route=\/wp\/v2\/posts"}],"about":[{"href":"https:\/\/diarioregionaldigital.com.br\/index.php?rest_route=\/wp\/v2\/types\/post"}],"author":[{"embeddable":true,"href":"https:\/\/diarioregionaldigital.com.br\/index.php?rest_route=\/wp\/v2\/users\/96"}],"replies":[{"embeddable":true,"href":"https:\/\/diarioregionaldigital.com.br\/index.php?rest_route=%2Fwp%2Fv2%2Fcomments&post=77419"}],"version-history":[{"count":0,"href":"https:\/\/diarioregionaldigital.com.br\/index.php?rest_route=\/wp\/v2\/posts\/77419\/revisions"}],"wp:featuredmedia":[{"embeddable":true,"href":"https:\/\/diarioregionaldigital.com.br\/index.php?rest_route=\/wp\/v2\/media\/77418"}],"wp:attachment":[{"href":"https:\/\/diarioregionaldigital.com.br\/index.php?rest_route=%2Fwp%2Fv2%2Fmedia&parent=77419"}],"wp:term":[{"taxonomy":"category","embeddable":true,"href":"https:\/\/diarioregionaldigital.com.br\/index.php?rest_route=%2Fwp%2Fv2%2Fcategories&post=77419"},{"taxonomy":"post_tag","embeddable":true,"href":"https:\/\/diarioregionaldigital.com.br\/index.php?rest_route=%2Fwp%2Fv2%2Ftags&post=77419"}],"curies":[{"name":"wp","href":"https:\/\/api.w.org\/{rel}","templated":true}]}}