{"id":77413,"date":"2017-07-17T19:54:05","date_gmt":"2017-07-17T22:54:05","guid":{"rendered":"http:\/\/diarioregionaljf.com.br\/2017\/07\/17\/stande-da-cesama-oferecera-renegociacao-de-dividas-e-informacoes-sobre-tarifa-social\/"},"modified":"2017-07-17T19:54:05","modified_gmt":"2017-07-17T22:54:05","slug":"stande-da-cesama-oferecera-renegociacao-de-dividas-e-informacoes-sobre-tarifa-social","status":"publish","type":"post","link":"https:\/\/diarioregionaldigital.com.br\/?p=77413","title":{"rendered":"Estande da Cesama oferecer\u00e1 renegocia\u00e7\u00e3o de d\u00edvidas e informa\u00e7\u00f5es sobre Tarifa Social"},"content":{"rendered":"<p>\u201cComo fa\u00e7o para pagar minhas contas de \u00e1gua atrasadas? Quais documentos preciso apresentar para ter direito \u00e0 Tarifa Social?\u201d. Foi pensando em perguntas como essas que a Companhia de Saneamento Municipal (Cesama) lan\u00e7ou uma alternativa de atendimento presencial nas comunidades de Juiz de Fora.<\/p>\n<p>O projeto ter\u00e1 in\u00edcio na manh\u00e3 deste s\u00e1bado, 22, quando o estande da companhia estar\u00e1 na pra\u00e7a do Bairro Ipiranga, como uma das atra\u00e7\u00f5es do \u201cBem Comum Bairros\u201d, que leva mensalmente sa\u00fade, lazer e cultura para as comunidades do munic\u00edpio.<\/p>\n<p>A gerente comercial da Cesama, Maristela Soran\u00e7o Miranda, destacou que a a\u00e7\u00e3o nasceu de uma vontade de aproximar ainda mais a companhia da sociedade. \u201cQueremos facilitar a vida dos nossos usu\u00e1rios, indo at\u00e9 eles, pois acreditamos que essa comodidade ir\u00e1 motiv\u00e1-los a resolver suas pend\u00eancias conosco, o que \u00e9 bom para ambas as partes\u201d, afirmou.<\/p>\n<p>Maristela informou que, nesta semana, cerca de 230 clientes inadimplentes do Bairro Ipiranga e regi\u00e3o ser\u00e3o notificados e convidados a parcelar seus d\u00e9bitos junto \u00e0 Cesama: \u201cDessa forma, eles poder\u00e3o se programar melhor para procurar o nosso estande, que seguir\u00e1 os mesmos procedimentos da Ag\u00eancia de Atendimento da companhia\u201d.<\/p>\n<p>No estande, al\u00e9m de negociar suas d\u00edvidas, os usu\u00e1rios poder\u00e3o tirar a segunda via da conta de \u00e1gua, atualizar dados cadastrais, denunciar liga\u00e7\u00f5es de \u00e1gua irregulares e se informar sobre a Tarifa Social da Cesama, que oferece descontos de at\u00e9 40% para a categoria residencial unifamiliar, dependendo da faixa de consumo.<\/p>\n<p>\u201cPara requerer o benef\u00edcio, os moradores da resid\u00eancia devem pertencer a uma fam\u00edlia inscrita no sistema do Cad\u00danico, e a renda familiar, por pessoa, deve ser menor ou igual a meio sal\u00e1rio m\u00ednimo. Caso a fam\u00edlia n\u00e3o seja cadastrada no Cad\u00danico, dever\u00e1 ser orientada a procurar o Centro de Refer\u00eancia de Assist\u00eancia Social (Cras), para solicitar sua inclus\u00e3o\u201d, orientou a gerente.<\/p>\n<hr \/>\n<p>&nbsp;Fonte: Assessoria<\/p>\n","protected":false},"excerpt":{"rendered":"<p>\u201cComo fa\u00e7o para pagar minhas contas de \u00e1gua atrasadas? Quais documentos preciso apresentar para ter direito \u00e0 Tarifa Social?\u201d. Foi pensando em perguntas como essas que a Companhia de Saneamento Municipal (Cesama) lan\u00e7ou uma alternativa de atendimento presencial nas comunidades de Juiz de Fora. O projeto ter\u00e1 in\u00edcio na manh\u00e3 deste s\u00e1bado, 22, quando o [&hellip;]<\/p>\n","protected":false},"author":96,"featured_media":77412,"comment_status":"closed","ping_status":"closed","sticky":false,"template":"","format":"standard","meta":{"footnotes":""},"categories":[253],"tags":[],"class_list":["post-77413","post","type-post","status-publish","format-standard","has-post-thumbnail","hentry","category-cidade"],"_links":{"self":[{"href":"https:\/\/diarioregionaldigital.com.br\/index.php?rest_route=\/wp\/v2\/posts\/77413","targetHints":{"allow":["GET"]}}],"collection":[{"href":"https:\/\/diarioregionaldigital.com.br\/index.php?rest_route=\/wp\/v2\/posts"}],"about":[{"href":"https:\/\/diarioregionaldigital.com.br\/index.php?rest_route=\/wp\/v2\/types\/post"}],"author":[{"embeddable":true,"href":"https:\/\/diarioregionaldigital.com.br\/index.php?rest_route=\/wp\/v2\/users\/96"}],"replies":[{"embeddable":true,"href":"https:\/\/diarioregionaldigital.com.br\/index.php?rest_route=%2Fwp%2Fv2%2Fcomments&post=77413"}],"version-history":[{"count":0,"href":"https:\/\/diarioregionaldigital.com.br\/index.php?rest_route=\/wp\/v2\/posts\/77413\/revisions"}],"wp:featuredmedia":[{"embeddable":true,"href":"https:\/\/diarioregionaldigital.com.br\/index.php?rest_route=\/wp\/v2\/media\/77412"}],"wp:attachment":[{"href":"https:\/\/diarioregionaldigital.com.br\/index.php?rest_route=%2Fwp%2Fv2%2Fmedia&parent=77413"}],"wp:term":[{"taxonomy":"category","embeddable":true,"href":"https:\/\/diarioregionaldigital.com.br\/index.php?rest_route=%2Fwp%2Fv2%2Fcategories&post=77413"},{"taxonomy":"post_tag","embeddable":true,"href":"https:\/\/diarioregionaldigital.com.br\/index.php?rest_route=%2Fwp%2Fv2%2Ftags&post=77413"}],"curies":[{"name":"wp","href":"https:\/\/api.w.org\/{rel}","templated":true}]}}