{"id":77400,"date":"2017-07-17T19:20:59","date_gmt":"2017-07-17T22:20:59","guid":{"rendered":"http:\/\/diarioregionaljf.com.br\/2017\/07\/17\/pequena-empresa-contra-53-mais-jovens-ate-24-anos\/"},"modified":"2017-07-17T19:20:59","modified_gmt":"2017-07-17T22:20:59","slug":"pequena-empresa-contra-53-mais-jovens-ate-24-anos","status":"publish","type":"post","link":"https:\/\/diarioregionaldigital.com.br\/?p=77400","title":{"rendered":"Pequena empresa contra 53% mais jovens at\u00e9 24 anos"},"content":{"rendered":"<p>As micro e pequenas empresas foram as que mais contrataram jovens em 2016, de acordo com levantamento do Sebrae com base em dados do Cadastro Geral de Empregados e Desempregados (Caged).<\/p>\n<p>Eles incorporam ao quadro de funcion\u00e1rios 2,8 milh\u00f5es de trabalhadores de at\u00e9 24 anos, n\u00famero 53% superior ao das m\u00e9dias e grandes empresas. No mesmo per\u00edodo, os neg\u00f3cios maiores contrataram 1,8 milh\u00e3o nessa faixa et\u00e1ria.<\/p>\n<p>Segundo Guilherme Afif Domingos, presidente do Sebrae, muitas grandes empresas n\u00e3o t\u00eam interesse em capacitar um jovem, e s\u00e3o nas micro e pequenas que eles encontram a chance de come\u00e7ar a carreira.<\/p>\n<p>Entre os setores, o com\u00e9rcio foi o que mais contratou trabalhadores at\u00e9 24 anos, 1,1 milh\u00e3o de novos empregados nessa faixa et\u00e1ria. Em seguida ficaram os servi\u00e7os, com 954 mil contrata\u00e7\u00f5es para esse p\u00fablico.<\/p>\n<p>Mais chances<br \/>De modo geral, os pequenos neg\u00f3cios abriram 60% mais vagas do que os m\u00e9dios e grandes em 2016. Na faixa de 25 a 39 anos, as micros e pequenas empresas empregaram 4,3 milh\u00f5es de trabalhadores, 59,2% a mais que as maiores.<\/p>\n<p>Trabalhadores acima dos 65 anos encontraram menos oportunidades.<\/p>\n","protected":false},"excerpt":{"rendered":"<p>As micro e pequenas empresas foram as que mais contrataram jovens em 2016, de acordo com levantamento do Sebrae com base em dados do Cadastro Geral de Empregados e Desempregados (Caged). Eles incorporam ao quadro de funcion\u00e1rios 2,8 milh\u00f5es de trabalhadores de at\u00e9 24 anos, n\u00famero 53% superior ao das m\u00e9dias e grandes empresas. No [&hellip;]<\/p>\n","protected":false},"author":96,"featured_media":77399,"comment_status":"closed","ping_status":"closed","sticky":false,"template":"","format":"standard","meta":{"footnotes":""},"categories":[261],"tags":[],"class_list":["post-77400","post","type-post","status-publish","format-standard","has-post-thumbnail","hentry","category-economia"],"_links":{"self":[{"href":"https:\/\/diarioregionaldigital.com.br\/index.php?rest_route=\/wp\/v2\/posts\/77400","targetHints":{"allow":["GET"]}}],"collection":[{"href":"https:\/\/diarioregionaldigital.com.br\/index.php?rest_route=\/wp\/v2\/posts"}],"about":[{"href":"https:\/\/diarioregionaldigital.com.br\/index.php?rest_route=\/wp\/v2\/types\/post"}],"author":[{"embeddable":true,"href":"https:\/\/diarioregionaldigital.com.br\/index.php?rest_route=\/wp\/v2\/users\/96"}],"replies":[{"embeddable":true,"href":"https:\/\/diarioregionaldigital.com.br\/index.php?rest_route=%2Fwp%2Fv2%2Fcomments&post=77400"}],"version-history":[{"count":0,"href":"https:\/\/diarioregionaldigital.com.br\/index.php?rest_route=\/wp\/v2\/posts\/77400\/revisions"}],"wp:featuredmedia":[{"embeddable":true,"href":"https:\/\/diarioregionaldigital.com.br\/index.php?rest_route=\/wp\/v2\/media\/77399"}],"wp:attachment":[{"href":"https:\/\/diarioregionaldigital.com.br\/index.php?rest_route=%2Fwp%2Fv2%2Fmedia&parent=77400"}],"wp:term":[{"taxonomy":"category","embeddable":true,"href":"https:\/\/diarioregionaldigital.com.br\/index.php?rest_route=%2Fwp%2Fv2%2Fcategories&post=77400"},{"taxonomy":"post_tag","embeddable":true,"href":"https:\/\/diarioregionaldigital.com.br\/index.php?rest_route=%2Fwp%2Fv2%2Ftags&post=77400"}],"curies":[{"name":"wp","href":"https:\/\/api.w.org\/{rel}","templated":true}]}}