{"id":77284,"date":"2017-07-14T18:42:46","date_gmt":"2017-07-14T21:42:46","guid":{"rendered":"http:\/\/diarioregionaljf.com.br\/2017\/07\/14\/vendas-de-moto-reduzem-em-9\/"},"modified":"2017-07-14T18:42:46","modified_gmt":"2017-07-14T21:42:46","slug":"vendas-de-moto-reduzem-em-9","status":"publish","type":"post","link":"https:\/\/diarioregionaldigital.com.br\/?p=77284","title":{"rendered":"Vendas de moto reduzem em 9%"},"content":{"rendered":"<p>As vendas de motocicletas no primeiro semestre de 2017 totalizaram 427.198 unidades, 9% a menos que o registrado no mesmo per\u00edodo de 2016. Os dados s\u00e3o da Associa\u00e7\u00e3o Brasileira dos Fabricantes de Motocicletas, Ciclomotores, Motonetas, Bicicletas e Similares (Abraciclo).<\/p>\n<p>Segundo o presidente da entidade, Marcos Fermanian, o setor dever\u00e1 obter um resultado melhor no segundo semestre. \u201cHistoricamente, o segundo semestre tem melhor desempenho de vendas. Al\u00e9m disso, outros fatores como o Sal\u00e3o Duas Rodas, o d\u00e9cimo terceiro sal\u00e1rio e a chegada do ver\u00e3o ajudar\u00e3o a fechar o ano com resultados um pouco mais satisfat\u00f3rios\u201d, calcula.<\/p>\n<p>A produ\u00e7\u00e3o de motocicletas tamb\u00e9m registrou queda no primeiro semestre do ano. No per\u00edodo foram produzidas 423.750 unidades, uma redu\u00e7\u00e3o de 8,8% na compara\u00e7\u00e3o com os seis primeiros meses do ano passado.<\/p>\n<p>J\u00e1 as exporta\u00e7\u00f5es do setor apresentaram alta de 4,1% no acumulado do primeiro semestre, puxada principalmente pelas vendas para a Argentina. De janeiro a junho foram embarcadas para o exterior 32.417 motocicletas, 1.283 a mais do que no primeiro semestre de 2016 (31.134).<\/p>\n","protected":false},"excerpt":{"rendered":"<p>As vendas de motocicletas no primeiro semestre de 2017 totalizaram 427.198 unidades, 9% a menos que o registrado no mesmo per\u00edodo de 2016. Os dados s\u00e3o da Associa\u00e7\u00e3o Brasileira dos Fabricantes de Motocicletas, Ciclomotores, Motonetas, Bicicletas e Similares (Abraciclo). Segundo o presidente da entidade, Marcos Fermanian, o setor dever\u00e1 obter um resultado melhor no segundo [&hellip;]<\/p>\n","protected":false},"author":96,"featured_media":77283,"comment_status":"closed","ping_status":"closed","sticky":false,"template":"","format":"standard","meta":{"footnotes":""},"categories":[261],"tags":[],"class_list":["post-77284","post","type-post","status-publish","format-standard","has-post-thumbnail","hentry","category-economia"],"_links":{"self":[{"href":"https:\/\/diarioregionaldigital.com.br\/index.php?rest_route=\/wp\/v2\/posts\/77284","targetHints":{"allow":["GET"]}}],"collection":[{"href":"https:\/\/diarioregionaldigital.com.br\/index.php?rest_route=\/wp\/v2\/posts"}],"about":[{"href":"https:\/\/diarioregionaldigital.com.br\/index.php?rest_route=\/wp\/v2\/types\/post"}],"author":[{"embeddable":true,"href":"https:\/\/diarioregionaldigital.com.br\/index.php?rest_route=\/wp\/v2\/users\/96"}],"replies":[{"embeddable":true,"href":"https:\/\/diarioregionaldigital.com.br\/index.php?rest_route=%2Fwp%2Fv2%2Fcomments&post=77284"}],"version-history":[{"count":0,"href":"https:\/\/diarioregionaldigital.com.br\/index.php?rest_route=\/wp\/v2\/posts\/77284\/revisions"}],"wp:featuredmedia":[{"embeddable":true,"href":"https:\/\/diarioregionaldigital.com.br\/index.php?rest_route=\/wp\/v2\/media\/77283"}],"wp:attachment":[{"href":"https:\/\/diarioregionaldigital.com.br\/index.php?rest_route=%2Fwp%2Fv2%2Fmedia&parent=77284"}],"wp:term":[{"taxonomy":"category","embeddable":true,"href":"https:\/\/diarioregionaldigital.com.br\/index.php?rest_route=%2Fwp%2Fv2%2Fcategories&post=77284"},{"taxonomy":"post_tag","embeddable":true,"href":"https:\/\/diarioregionaldigital.com.br\/index.php?rest_route=%2Fwp%2Fv2%2Ftags&post=77284"}],"curies":[{"name":"wp","href":"https:\/\/api.w.org\/{rel}","templated":true}]}}