{"id":77282,"date":"2017-07-14T18:34:20","date_gmt":"2017-07-14T21:34:20","guid":{"rendered":"http:\/\/diarioregionaljf.com.br\/2017\/07\/14\/banco-central-registra-queda-de-0-51-em-atividade-economica\/"},"modified":"2017-07-14T18:34:20","modified_gmt":"2017-07-14T21:34:20","slug":"banco-central-registra-queda-de-0-51-em-atividade-economica","status":"publish","type":"post","link":"https:\/\/diarioregionaldigital.com.br\/?p=77282","title":{"rendered":"Banco Central registra queda de 0,51% em atividade econ\u00f4mica"},"content":{"rendered":"<p>A atividade econ\u00f4mica registrou queda em maio. O \u00cdndice de Atividade Econ\u00f4mica do Banco Central (IBC-Br) dessazonalizado (ajustado para o per\u00edodo) apresentou queda de 0,51%, comparado a abril, de acordo com dados divulgados.<\/p>\n<p>Na compara\u00e7\u00e3o entre maio deste ano e o mesmo m\u00eas de 2016, houve crescimento de 1,40%, de acordo com os dados sem ajustes j\u00e1 que s\u00e3o per\u00edodos iguais na compara\u00e7\u00e3o.<\/p>\n<p>Em 12 meses encerrados em maio, a retra\u00e7\u00e3o ficou em 2,23% e no ano, em 0,05%. O IBC-Br \u00e9 uma forma de avaliar a evolu\u00e7\u00e3o da atividade econ\u00f4mica brasileira e ajuda o BC a tomar suas decis\u00f5es sobre a taxa b\u00e1sica de juros, a Selic.<\/p>\n<p>O \u00edndice incorpora informa\u00e7\u00f5es sobre o n\u00edvel de atividade dos tr\u00eas setores da economia: ind\u00fastria, com\u00e9rcio e servi\u00e7os e agropecu\u00e1ria, al\u00e9m do volume de impostos. Mas o indicador oficial sobre o desempenho da economia \u00e9 o Produto Interno Bruto (PIB), calculado pelo Instituto Brasileiro de Geografia e Estat\u00edstica (IBGE).<\/p>\n","protected":false},"excerpt":{"rendered":"<p>A atividade econ\u00f4mica registrou queda em maio. O \u00cdndice de Atividade Econ\u00f4mica do Banco Central (IBC-Br) dessazonalizado (ajustado para o per\u00edodo) apresentou queda de 0,51%, comparado a abril, de acordo com dados divulgados. Na compara\u00e7\u00e3o entre maio deste ano e o mesmo m\u00eas de 2016, houve crescimento de 1,40%, de acordo com os dados sem [&hellip;]<\/p>\n","protected":false},"author":96,"featured_media":77281,"comment_status":"closed","ping_status":"closed","sticky":false,"template":"","format":"standard","meta":{"footnotes":""},"categories":[261],"tags":[],"class_list":["post-77282","post","type-post","status-publish","format-standard","has-post-thumbnail","hentry","category-economia"],"_links":{"self":[{"href":"https:\/\/diarioregionaldigital.com.br\/index.php?rest_route=\/wp\/v2\/posts\/77282","targetHints":{"allow":["GET"]}}],"collection":[{"href":"https:\/\/diarioregionaldigital.com.br\/index.php?rest_route=\/wp\/v2\/posts"}],"about":[{"href":"https:\/\/diarioregionaldigital.com.br\/index.php?rest_route=\/wp\/v2\/types\/post"}],"author":[{"embeddable":true,"href":"https:\/\/diarioregionaldigital.com.br\/index.php?rest_route=\/wp\/v2\/users\/96"}],"replies":[{"embeddable":true,"href":"https:\/\/diarioregionaldigital.com.br\/index.php?rest_route=%2Fwp%2Fv2%2Fcomments&post=77282"}],"version-history":[{"count":0,"href":"https:\/\/diarioregionaldigital.com.br\/index.php?rest_route=\/wp\/v2\/posts\/77282\/revisions"}],"wp:featuredmedia":[{"embeddable":true,"href":"https:\/\/diarioregionaldigital.com.br\/index.php?rest_route=\/wp\/v2\/media\/77281"}],"wp:attachment":[{"href":"https:\/\/diarioregionaldigital.com.br\/index.php?rest_route=%2Fwp%2Fv2%2Fmedia&parent=77282"}],"wp:term":[{"taxonomy":"category","embeddable":true,"href":"https:\/\/diarioregionaldigital.com.br\/index.php?rest_route=%2Fwp%2Fv2%2Fcategories&post=77282"},{"taxonomy":"post_tag","embeddable":true,"href":"https:\/\/diarioregionaldigital.com.br\/index.php?rest_route=%2Fwp%2Fv2%2Ftags&post=77282"}],"curies":[{"name":"wp","href":"https:\/\/api.w.org\/{rel}","templated":true}]}}