{"id":77194,"date":"2017-07-13T19:56:40","date_gmt":"2017-07-13T22:56:40","guid":{"rendered":"http:\/\/diarioregionaljf.com.br\/2017\/07\/13\/economista-da-dicas-de-como-podemos-economizar-na-hora-das-compras\/"},"modified":"2017-07-13T19:56:40","modified_gmt":"2017-07-13T22:56:40","slug":"economista-da-dicas-de-como-podemos-economizar-na-hora-das-compras","status":"publish","type":"post","link":"https:\/\/diarioregionaldigital.com.br\/?p=77194","title":{"rendered":"Economista d\u00e1 dicas de como podemos economizar na hora das compras"},"content":{"rendered":"<p>Ir ao supermercado \u00e9 essencial para comprarmos alimentos, produtos de limpeza, entre outros itens que necessitamos no dia a dia. Por\u00e9m, ultimamente, as compras t\u00eam sa\u00eddo mais caras para o consumidor. O economista Andr\u00e9 Surian d\u00e1 algumas dicas de como fazer o dinheiro render mais, possibilitando que ele seja utilizado para outras finalidades al\u00e9m das compras, como em atividades de lazer.<\/p>\n<p>Surian orienta que o consumidor evite fazer as compras nos finais de semana, pois os pre\u00e7os dos produtos aumentam. \u201c\u00c9 aconselh\u00e1vel a pessoa tentar ir ao longo da semana para fazer as compras e aproveitar as promo\u00e7\u00f5es feitas pelos supermercados\u201d, afirma.<\/p>\n<p>Outra dica essencial passada pelo economista \u00e9 a pesquisa de pre\u00e7o, para que o consumidor se informe sobre os estabelecimentos que oferecem as melhores ofertas. &#8220;Hoje em dia, a pessoa n\u00e3o precisa sair de casa para comparar os pre\u00e7os entre os mercados. Ela consegue fazer isso na internet e tamb\u00e9m atrav\u00e9s de panfletos de propaganda\u201d, orienta Surian, ressaltando, ainda, que os produtos costumam ficar mais baratos a partir da segunda quinzena do m\u00eas.<\/p>\n<p>O economista considera uma boa sa\u00edda a pessoa comprar produtos n\u00e3o perec\u00edveis por atacado, mas alerta que o consumidor n\u00e3o deve fazer isso com produtos de validade mais curta. \u201cPara aproveitar promo\u00e7\u00f5es, \u00e9 v\u00e1lido comprar em grande quantidade em atacados, pois esses locais costumam fazer um pre\u00e7o mais barato dependendo da quantidade de produtos\u201d, afirma. \u201cAs pessoas que preferirem ir comprando aos poucos ao longo do m\u00eas tamb\u00e9m podem aproveitar as promo\u00e7\u00f5es, tomando cuidado para n\u00e3o serem enganadas\u201d, complementa. Surian destaca, ainda, que \u00e9 importante comprar somente os itens que estiverem na lista de compras, para evitar gastos desnecess\u00e1rios.<\/p>\n<p>A estudante de Administra\u00e7\u00e3o K\u00e1tia dos Reis Gomes passou a ir mais ao supermercado quando se mudou para Juiz de Fora, e vem notando uma alta nos pre\u00e7os. \u201cPercebo que os pre\u00e7os v\u00eam aumentando muito, principalmente o do leite, que \u00e9 o produto que eu compro em maior quantidade\u201d, conta. \u201cCostumo ir ao supermercado toda segunda-feira e sempre vejo algum que tenha alguma promo\u00e7\u00e3o ou no qual o pre\u00e7o esteja mais em conta\u201d, complementa. K\u00e1tia tamb\u00e9m diz que n\u00e3o costuma comprar os produtos pela marca e sim pelo pre\u00e7o mais favor\u00e1vel.<\/p>\n","protected":false},"excerpt":{"rendered":"<p>Ir ao supermercado \u00e9 essencial para comprarmos alimentos, produtos de limpeza, entre outros itens que necessitamos no dia a dia. Por\u00e9m, ultimamente, as compras t\u00eam sa\u00eddo mais caras para o consumidor. O economista Andr\u00e9 Surian d\u00e1 algumas dicas de como fazer o dinheiro render mais, possibilitando que ele seja utilizado para outras finalidades al\u00e9m das [&hellip;]<\/p>\n","protected":false},"author":96,"featured_media":77193,"comment_status":"closed","ping_status":"closed","sticky":false,"template":"","format":"standard","meta":{"footnotes":""},"categories":[253],"tags":[],"class_list":["post-77194","post","type-post","status-publish","format-standard","has-post-thumbnail","hentry","category-cidade"],"_links":{"self":[{"href":"https:\/\/diarioregionaldigital.com.br\/index.php?rest_route=\/wp\/v2\/posts\/77194","targetHints":{"allow":["GET"]}}],"collection":[{"href":"https:\/\/diarioregionaldigital.com.br\/index.php?rest_route=\/wp\/v2\/posts"}],"about":[{"href":"https:\/\/diarioregionaldigital.com.br\/index.php?rest_route=\/wp\/v2\/types\/post"}],"author":[{"embeddable":true,"href":"https:\/\/diarioregionaldigital.com.br\/index.php?rest_route=\/wp\/v2\/users\/96"}],"replies":[{"embeddable":true,"href":"https:\/\/diarioregionaldigital.com.br\/index.php?rest_route=%2Fwp%2Fv2%2Fcomments&post=77194"}],"version-history":[{"count":0,"href":"https:\/\/diarioregionaldigital.com.br\/index.php?rest_route=\/wp\/v2\/posts\/77194\/revisions"}],"wp:featuredmedia":[{"embeddable":true,"href":"https:\/\/diarioregionaldigital.com.br\/index.php?rest_route=\/wp\/v2\/media\/77193"}],"wp:attachment":[{"href":"https:\/\/diarioregionaldigital.com.br\/index.php?rest_route=%2Fwp%2Fv2%2Fmedia&parent=77194"}],"wp:term":[{"taxonomy":"category","embeddable":true,"href":"https:\/\/diarioregionaldigital.com.br\/index.php?rest_route=%2Fwp%2Fv2%2Fcategories&post=77194"},{"taxonomy":"post_tag","embeddable":true,"href":"https:\/\/diarioregionaldigital.com.br\/index.php?rest_route=%2Fwp%2Fv2%2Ftags&post=77194"}],"curies":[{"name":"wp","href":"https:\/\/api.w.org\/{rel}","templated":true}]}}