{"id":77024,"date":"2017-07-11T20:36:37","date_gmt":"2017-07-11T23:36:37","guid":{"rendered":"http:\/\/diarioregionaljf.com.br\/2017\/07\/11\/policia-civil-identifica-autores-de-furtos-de-veiculos-em-juiz-de-fora\/"},"modified":"2017-07-11T20:36:37","modified_gmt":"2017-07-11T23:36:37","slug":"policia-civil-identifica-autores-de-furtos-de-veiculos-em-juiz-de-fora","status":"publish","type":"post","link":"https:\/\/diarioregionaldigital.com.br\/?p=77024","title":{"rendered":"Pol\u00edcia Civil identifica autores de furtos de ve\u00edculos em Juiz de Fora"},"content":{"rendered":"<p>A Pol\u00edcia Civil, ap\u00f3s investiga\u00e7\u00f5es, identificou um homem de 25 anos, suspeito de furtos de ve\u00edculos na \u00e1rea central de Juiz de Fora. De acordo com o inspetor da 7\u00aa Delegacia, Oliveira Ferreira dos Santos, a apura\u00e7\u00e3o foi poss\u00edvel ap\u00f3s a an\u00e1lise das imagens do furto de uma VW Paraty, ocorrido no dia 4 de julho deste ano, na Rua Bar\u00e3o de Santa Helena, situada no bairro Granbery, regi\u00e3o Central.<\/p>\n<p>Durante dilig\u00eancias para apurar o caso, o homem foi conduzido at\u00e9 a Delegacia para prestar depoimento. \u201cEstava usando a mesma blusa do dia do furto, sendo que acabou por confessar outros furtos de ve\u00edculos nos bairros Mariano Proc\u00f3pio e J\u00f3quei Clube\u201d, informou o inspetor, complementando que os ve\u00edculos j\u00e1 foram recuperados.<\/p>\n<p>O delegado Vitor Fiuza, respons\u00e1vel pelas investiga\u00e7\u00f5es, vai representar pelas pris\u00f5es preventivas dele, j\u00e1 que o homem n\u00e3o foi preso em flagrante, e de outros tr\u00eas autores, que tamb\u00e9m j\u00e1 foram identificados.<\/p>\n<p>Fonte: Assessoria<\/p>\n","protected":false},"excerpt":{"rendered":"<p>A Pol\u00edcia Civil, ap\u00f3s investiga\u00e7\u00f5es, identificou um homem de 25 anos, suspeito de furtos de ve\u00edculos na \u00e1rea central de Juiz de Fora. De acordo com o inspetor da 7\u00aa Delegacia, Oliveira Ferreira dos Santos, a apura\u00e7\u00e3o foi poss\u00edvel ap\u00f3s a an\u00e1lise das imagens do furto de uma VW Paraty, ocorrido no dia 4 de [&hellip;]<\/p>\n","protected":false},"author":96,"featured_media":77023,"comment_status":"closed","ping_status":"closed","sticky":false,"template":"","format":"standard","meta":{"footnotes":""},"categories":[253],"tags":[],"class_list":["post-77024","post","type-post","status-publish","format-standard","has-post-thumbnail","hentry","category-cidade"],"_links":{"self":[{"href":"https:\/\/diarioregionaldigital.com.br\/index.php?rest_route=\/wp\/v2\/posts\/77024","targetHints":{"allow":["GET"]}}],"collection":[{"href":"https:\/\/diarioregionaldigital.com.br\/index.php?rest_route=\/wp\/v2\/posts"}],"about":[{"href":"https:\/\/diarioregionaldigital.com.br\/index.php?rest_route=\/wp\/v2\/types\/post"}],"author":[{"embeddable":true,"href":"https:\/\/diarioregionaldigital.com.br\/index.php?rest_route=\/wp\/v2\/users\/96"}],"replies":[{"embeddable":true,"href":"https:\/\/diarioregionaldigital.com.br\/index.php?rest_route=%2Fwp%2Fv2%2Fcomments&post=77024"}],"version-history":[{"count":0,"href":"https:\/\/diarioregionaldigital.com.br\/index.php?rest_route=\/wp\/v2\/posts\/77024\/revisions"}],"wp:featuredmedia":[{"embeddable":true,"href":"https:\/\/diarioregionaldigital.com.br\/index.php?rest_route=\/wp\/v2\/media\/77023"}],"wp:attachment":[{"href":"https:\/\/diarioregionaldigital.com.br\/index.php?rest_route=%2Fwp%2Fv2%2Fmedia&parent=77024"}],"wp:term":[{"taxonomy":"category","embeddable":true,"href":"https:\/\/diarioregionaldigital.com.br\/index.php?rest_route=%2Fwp%2Fv2%2Fcategories&post=77024"},{"taxonomy":"post_tag","embeddable":true,"href":"https:\/\/diarioregionaldigital.com.br\/index.php?rest_route=%2Fwp%2Fv2%2Ftags&post=77024"}],"curies":[{"name":"wp","href":"https:\/\/api.w.org\/{rel}","templated":true}]}}