{"id":76990,"date":"2017-07-10T23:50:29","date_gmt":"2017-07-11T02:50:29","guid":{"rendered":"http:\/\/diarioregionaljf.com.br\/2017\/07\/10\/bibi-ferreira-encerra-turne-de-homenagem-a-frank-sinatra-no-palco-do-central\/"},"modified":"2017-07-10T23:50:29","modified_gmt":"2017-07-11T02:50:29","slug":"bibi-ferreira-encerra-turne-de-homenagem-a-frank-sinatra-no-palco-do-central","status":"publish","type":"post","link":"https:\/\/diarioregionaldigital.com.br\/?p=76990","title":{"rendered":"Bibi Ferreira encerra turn\u00ea de homenagem a Frank Sinatra no palco do Central"},"content":{"rendered":"<p>Sempre leve, delicada e singelamente fatal! Ap\u00f3s 16 anos, a ic\u00f4nica Bibi Ferreira volta a Juiz de Fora para encerrar a turn\u00ea do espet\u00e1culo \u201cBibi Ferreira Canta Repert\u00f3rio Sinatra\u201d. Na estrada em homenagem musical ao cantor norte-americano desde 2014, a veterana da MPB j\u00e1 apresentou o show \u2013 sucesso de p\u00fablico e aclamado pela cr\u00edtica \u2013 nos palcos de v\u00e1rias capitais e estados brasileiros e tamb\u00e9m fora do pa\u00eds, em Nova York, no Lincoln Center, no ano passado. Nessa oportunidade, Bibi foi destaque no peri\u00f3dico estadunidense The New York Times.<\/p>\n<p>No pr\u00f3ximo s\u00e1bado, 15, \u00e0s 21h, no Cine-Theatro Central, ser\u00e1 a \u00faltima chance de ver e ouvir a artista de 95 anos entoar cl\u00e1ssicos de um dos mais populares e influentes artistas musicais do s\u00e9culo XX. A \u00faltima vez da cantora na cidade foi em 2001, no mesmo teatro, com o show \u201cBibi vive Am\u00e1lia\u201d, em homenagem a fadista, cantora e atriz portuguesa Am\u00e1lia Rodrigues.<\/p>\n<p>Sob dire\u00e7\u00e3o musical e reg\u00eancia do maestro Fl\u00e1vio Mendes, Bibi Ferreira ser\u00e1 acompanhada por um quinteto de m\u00fasicos instrumentistas para interpretar &#8220;That\u2019s Life&#8221;, uma de suas preferidas, entre outras igualmente not\u00e1veis, como &#8220;Strangers in the night&#8221;, &#8220;Night and day&#8221;, &#8220;My Way&#8221; e &#8220;I\u2019ve got you under my skin&#8221;. \u201cN\u00f3s fizemos uma pesquisa das m\u00fasicas mais significativas do Sinatra, apresentamos pra Bibi, e ela selecionou suas preferidas. O roteiro e repert\u00f3rio do show, que inclui 19 can\u00e7\u00f5es, foram tra\u00e7ados a partir da\u00ed\u201d, conta Nilson Raman, empres\u00e1rio da artista.<\/p>\n<p>Raman ressalta ainda que, para ambientar o p\u00fablico sobre o tempo e momento em que Sinatra se encontrava na \u00e9poca do lan\u00e7amento das can\u00e7\u00f5es, o mestre de cerim\u00f4nias realizar\u00e1 pequenas contextualiza\u00e7\u00f5es, intercaladas entre uma m\u00fasica e outra. \u201cA inten\u00e7\u00e3o \u00e9 pontuar o show ao realizar breves coment\u00e1rios que revelam caracter\u00edsticas ora pessoais, ora profissionais. O mestre de cerim\u00f4nias vai conduzindo a hist\u00f3ria de Sinatra de acordo com a apresenta\u00e7\u00e3o de cada m\u00fasica\u201d, explica.<\/p>\n<p>Ap\u00f3s o \u00faltimo show da turn\u00ea, Bibi n\u00e3o ter\u00e1 descanso. Em agosto, a veterana da MPB estreia novo show, \u201cBibi Por toda a Minha Vida\u201d, no qual volta ao repert\u00f3rio brasileiro e passeia por marcos da m\u00fasica nacional interpretados por grandes vozes femininas do pa\u00eds &#8211; de Chiquinha Gonzaga a Beth\u00e2nia, passando por Carmen Miranda, Eliseth Cardoso, Clara Nunes, Elis Regina, Rita Lee, entre outras.<\/p>\n<h4>SERVI\u00c7O<\/h4>\n<p>Espet\u00e1culo \u201cBibi Ferreira Canta Repert\u00f3rio Sinatra\u201d<br \/>Local: Cine-Theatro Central<br \/>Data\/hora: S\u00e1bado, 15 de julho, \u00e0s 21h<br \/>&#8211; Ingressos:<br \/>Plateias A e B: R$180 (meia-entrada: R$90)<br \/>Pre\u00e7os promocionais (limitados a 20% da carga atual do teatro, de acordo com a Instru\u00e7\u00e3o Normativa 01\/2017 do Minist\u00e9rio da Cultura): R$50<br \/>&#8211; Informa\u00e7\u00f5es: (32)3215-1400<\/p>\n<p class=\"MsoNoSpacing\"><b><span style=\"font-size: 12.0pt; font-family: 'Arial','sans-serif';\"><\/span><\/b><\/p>\n","protected":false},"excerpt":{"rendered":"<p>Sempre leve, delicada e singelamente fatal! Ap\u00f3s 16 anos, a ic\u00f4nica Bibi Ferreira volta a Juiz de Fora para encerrar a turn\u00ea do espet\u00e1culo \u201cBibi Ferreira Canta Repert\u00f3rio Sinatra\u201d. Na estrada em homenagem musical ao cantor norte-americano desde 2014, a veterana da MPB j\u00e1 apresentou o show \u2013 sucesso de p\u00fablico e aclamado pela cr\u00edtica [&hellip;]<\/p>\n","protected":false},"author":96,"featured_media":76989,"comment_status":"closed","ping_status":"closed","sticky":false,"template":"","format":"standard","meta":{"footnotes":""},"categories":[256],"tags":[],"class_list":["post-76990","post","type-post","status-publish","format-standard","has-post-thumbnail","hentry","category-cultura"],"_links":{"self":[{"href":"https:\/\/diarioregionaldigital.com.br\/index.php?rest_route=\/wp\/v2\/posts\/76990","targetHints":{"allow":["GET"]}}],"collection":[{"href":"https:\/\/diarioregionaldigital.com.br\/index.php?rest_route=\/wp\/v2\/posts"}],"about":[{"href":"https:\/\/diarioregionaldigital.com.br\/index.php?rest_route=\/wp\/v2\/types\/post"}],"author":[{"embeddable":true,"href":"https:\/\/diarioregionaldigital.com.br\/index.php?rest_route=\/wp\/v2\/users\/96"}],"replies":[{"embeddable":true,"href":"https:\/\/diarioregionaldigital.com.br\/index.php?rest_route=%2Fwp%2Fv2%2Fcomments&post=76990"}],"version-history":[{"count":0,"href":"https:\/\/diarioregionaldigital.com.br\/index.php?rest_route=\/wp\/v2\/posts\/76990\/revisions"}],"wp:featuredmedia":[{"embeddable":true,"href":"https:\/\/diarioregionaldigital.com.br\/index.php?rest_route=\/wp\/v2\/media\/76989"}],"wp:attachment":[{"href":"https:\/\/diarioregionaldigital.com.br\/index.php?rest_route=%2Fwp%2Fv2%2Fmedia&parent=76990"}],"wp:term":[{"taxonomy":"category","embeddable":true,"href":"https:\/\/diarioregionaldigital.com.br\/index.php?rest_route=%2Fwp%2Fv2%2Fcategories&post=76990"},{"taxonomy":"post_tag","embeddable":true,"href":"https:\/\/diarioregionaldigital.com.br\/index.php?rest_route=%2Fwp%2Fv2%2Ftags&post=76990"}],"curies":[{"name":"wp","href":"https:\/\/api.w.org\/{rel}","templated":true}]}}