{"id":76988,"date":"2017-07-10T23:33:53","date_gmt":"2017-07-11T02:33:53","guid":{"rendered":"http:\/\/diarioregionaljf.com.br\/2017\/07\/10\/projeto-de-lei-prioriza-vagas-em-escolas-para-criancas-em-situacao-de-vulnerabilidade\/"},"modified":"2017-07-10T23:33:53","modified_gmt":"2017-07-11T02:33:53","slug":"projeto-de-lei-prioriza-vagas-em-escolas-para-criancas-em-situacao-de-vulnerabilidade","status":"publish","type":"post","link":"https:\/\/diarioregionaldigital.com.br\/?p=76988","title":{"rendered":"Projeto de Lei prioriza vagas em escolas para crian\u00e7as em situa\u00e7\u00e3o de vulnerabilidade"},"content":{"rendered":"<p><img loading=\"lazy\" decoding=\"async\" src=\"images\/wp\/diario-int-17592-1\" alt=\"pcd\" width=\"525\" height=\"350\" \/><\/p>\n<p><em>(Vagas ser\u00e3o destinadas para crian\u00e7as v\u00edtimas ou filhas de v\u00edtimas de viol\u00eancia dom\u00e9stica FOTO: Rafaela Frutuoso)<\/em><\/p>\n<p>Com o objetivo de auxiliar e amparar pessoas em situa\u00e7\u00e3o de vulnerabilidade, exclusivamente, crian\u00e7as ou mulheres que tenham sofrido viol\u00eancia dom\u00e9stica, o vereador Cido Reis (PSB) apresentou um Projeto de Lei (PL) que prop\u00f5e a prioridade de vagas em creches municipais ou conveniadas para as v\u00edtimas desses crimes.<\/p>\n<p>\u201cQueremos amenizar o sofrimento das fam\u00edlias, que passam por um momento de trauma, uma situa\u00e7\u00e3o muito dif\u00edcil. Sabemos que o per\u00edodo de recupera\u00e7\u00e3o n\u00e3o \u00e9 curto e o quanto o emocional e o psicol\u00f3gico dessas pessoas ficam abalados\u201d, explicou o vereador.<\/p>\n<p>Conforme o texto, a prioridade para matr\u00edcula dessas crian\u00e7as ser\u00e1 mediante a apresenta\u00e7\u00e3o de c\u00f3pias dos documentos expedidos pela delegacia da mulher, corpo de delito, queixas de crimes e\/ou medida protetiva. \u201cAtrav\u00e9s da documenta\u00e7\u00e3o, a Prefeitura dar\u00e1 prioridade para as fam\u00edlias\u201d, completou.<\/p>\n<p>A proposta foi apresentada e encaminhada para aprova\u00e7\u00e3o das comiss\u00f5es. Em agosto ou setembro deste ano, ela deve ir para vota\u00e7\u00e3o no plen\u00e1rio da C\u00e2mara Municipal.<\/p>\n<p>&nbsp;<\/p>\n<p>&nbsp;<\/p>\n","protected":false},"excerpt":{"rendered":"<p>(Vagas ser\u00e3o destinadas para crian\u00e7as v\u00edtimas ou filhas de v\u00edtimas de viol\u00eancia dom\u00e9stica FOTO: Rafaela Frutuoso) Com o objetivo de auxiliar e amparar pessoas em situa\u00e7\u00e3o de vulnerabilidade, exclusivamente, crian\u00e7as ou mulheres que tenham sofrido viol\u00eancia dom\u00e9stica, o vereador Cido Reis (PSB) apresentou um Projeto de Lei (PL) que prop\u00f5e a prioridade de vagas em [&hellip;]<\/p>\n","protected":false},"author":96,"featured_media":0,"comment_status":"closed","ping_status":"closed","sticky":false,"template":"","format":"standard","meta":{"footnotes":""},"categories":[253],"tags":[],"class_list":["post-76988","post","type-post","status-publish","format-standard","hentry","category-cidade"],"_links":{"self":[{"href":"https:\/\/diarioregionaldigital.com.br\/index.php?rest_route=\/wp\/v2\/posts\/76988","targetHints":{"allow":["GET"]}}],"collection":[{"href":"https:\/\/diarioregionaldigital.com.br\/index.php?rest_route=\/wp\/v2\/posts"}],"about":[{"href":"https:\/\/diarioregionaldigital.com.br\/index.php?rest_route=\/wp\/v2\/types\/post"}],"author":[{"embeddable":true,"href":"https:\/\/diarioregionaldigital.com.br\/index.php?rest_route=\/wp\/v2\/users\/96"}],"replies":[{"embeddable":true,"href":"https:\/\/diarioregionaldigital.com.br\/index.php?rest_route=%2Fwp%2Fv2%2Fcomments&post=76988"}],"version-history":[{"count":0,"href":"https:\/\/diarioregionaldigital.com.br\/index.php?rest_route=\/wp\/v2\/posts\/76988\/revisions"}],"wp:attachment":[{"href":"https:\/\/diarioregionaldigital.com.br\/index.php?rest_route=%2Fwp%2Fv2%2Fmedia&parent=76988"}],"wp:term":[{"taxonomy":"category","embeddable":true,"href":"https:\/\/diarioregionaldigital.com.br\/index.php?rest_route=%2Fwp%2Fv2%2Fcategories&post=76988"},{"taxonomy":"post_tag","embeddable":true,"href":"https:\/\/diarioregionaldigital.com.br\/index.php?rest_route=%2Fwp%2Fv2%2Ftags&post=76988"}],"curies":[{"name":"wp","href":"https:\/\/api.w.org\/{rel}","templated":true}]}}